{"id":366,"date":"2025-08-26T20:34:52","date_gmt":"2025-08-26T20:34:52","guid":{"rendered":"https:\/\/jfc.company\/home\/?p=366"},"modified":"2025-08-27T13:56:27","modified_gmt":"2025-08-27T13:56:27","slug":"the-human-fest","status":"publish","type":"post","link":"https:\/\/jfc.company\/home\/uncategorized\/the-human-fest\/","title":{"rendered":"The Human Fest"},"content":{"rendered":"\n<p>Primer Evento Desnutrici\u00f3n <\/p>\n\n\n\n<p>F\u00daTBOL: EL SUE\u00d1O M\u00c1S ANHELADO DEL MUNDO<br>Evento UNESCO FEDERACI\u00d3N DE LOS ESTADOS UNIDOS DE AM\u00c9RICA &#8211; UNESCO WFUCA<br>Fecha: 17 al 19 de diciembre de 2025<br>Sede: Estadio Sierra Nevada, Santa Marta, Colombia<\/p>\n\n\n\n<p>PRESENTACI\u00d3N DEL EVENTO<br>UNESCO FEDERACI\u00d3N DE LOS ESTADOS UNIDOS DE AM\u00c9RICA &#8211; UNESCO WFUCA se complace en anunciar el lanzamiento de la campa\u00f1a m\u00e1s ambiciosa en la lucha contra la desnutrici\u00f3n infantil mundial: \u201cF\u00daTBOL: EL SUE\u00d1O M\u00c1S ANHELADO DEL MUNDO\u201d.<\/p>\n\n\n\n<p>Este evento sin precedentes combina el poder universal del f\u00fatbol con la urgencia humanitaria m\u00e1s apremiante de nuestro tiempo, creando una plataforma \u00fanica para generar conciencia y recursos destinados a combatir un flagelo que cobra la vida de un ni\u00f1o cada diez segundos en alg\u00fan lugar del mundo.<\/p>\n\n\n\n<p>La elecci\u00f3n del Estadio Sierra Nevada en Santa Marta como sede de este evento hist\u00f3rico no es casualidad. Esta ciudad, cuna de Radamel Falcao Garc\u00eda, \u201cEl Tigre\u201d, representa el s\u00edmbolo perfecto de c\u00f3mo el talento, la perseverancia y el compromiso social pueden transformar no solo una vida, sino toda una comunidad y, por extensi\u00f3n, el mundo entero.<\/p>\n\n\n\n<p>Caracter\u00edsticas Principales del Evento:<br>\u2022 Fecha: 17 al 19 de diciembre de 2025<br>\u2022 Sede: Estadio Sierra Nevada, Santa Marta, Magdalena<br>\u2022 Capacidad: 16,126 espectadores<br>\u2022 Modalidad de acceso: Donativo del libro \u201cPiel y Huesos &#8211; Desnutrici\u00f3n Infantil Cada Diez Segundos\u201d<br>\u2022 Organiza: UNESCO FEDERACI\u00d3N DE LOS ESTADOS UNIDOS DE AM\u00c9RICA<br>\u2022 Alianza: Fundaci\u00f3n Falcao<br>\u2022 Director deportivo: Radamel Falcao Garc\u00eda \u201cEl Tigre\u201d<\/p>\n\n\n\n<p>El Estadio Sierra Nevada, inaugurado en 2017, se convierte as\u00ed en el escenario perfecto para un evento que trasciende el deporte y se adentra en el territorio de la transformaci\u00f3n social. Con una capacidad de 16,126 espectadores, este moderno coloso deportivo ubicado en el barrio Bureche de Santa Marta, ser\u00e1 testigo de una jornada que marcar\u00e1 un antes y un despu\u00e9s en la lucha contra la desnutrici\u00f3n infantil en las Am\u00e9ricas.<\/p>\n\n\n\n<p>UNESCO FEDERACI\u00d3N DE LOS ESTADOS UNIDOS DE AM\u00c9RICA<br>Misi\u00f3n<br>Promover la paz mundial a trav\u00e9s de la educaci\u00f3n, la ciencia, la cultura y el deporte, con especial \u00e9nfasis en la protecci\u00f3n de los derechos fundamentales de la infancia y la lucha contra la desnutrici\u00f3n infantil.<\/p>\n\n\n\n<p>Visi\u00f3n<br>Ser la organizaci\u00f3n l\u00edder a nivel mundial en la articulaci\u00f3n de esfuerzos internacionales para erradicar la desnutrici\u00f3n infantil y garantizar que cada ni\u00f1o tenga acceso a una alimentaci\u00f3n adecuada, educaci\u00f3n de calidad y oportunidades deportivas que le permitan desarrollar su m\u00e1ximo potencial.<\/p>\n\n\n\n<p>Pilares Fundamentales:<br>1. Educaci\u00f3n para la Paz: Promover valores de tolerancia, respeto y solidaridad a trav\u00e9s de programas educativos innovadores que fomenten la comprensi\u00f3n intercultural y el di\u00e1logo constructivo entre las naciones.<br>2. Ciencia para el Desarrollo: Impulsar la investigaci\u00f3n cient\u00edfica en nutrici\u00f3n infantil, desarrollando tecnolog\u00edas y metodolog\u00edas que permitan diagnosticar, prevenir y tratar la desnutrici\u00f3n de manera efectiva y sostenible.<br>3. Cultura de la Solidaridad: Fomentar una cultura global de responsabilidad social que trascienda fronteras, idiomas y diferencias culturales, uniendo a la humanidad en torno al objetivo com\u00fan de proteger a los m\u00e1s vulnerables.<br>4. Deporte Social: Utilizar el deporte como herramienta de transformaci\u00f3n social, reconociendo su poder \u00fanico para inspirar, unir y movilizar a las comunidades hacia objetivos comunes de desarrollo y bienestar.<\/p>\n\n\n\n<p>Objetivos Estrat\u00e9gicos:<br>\u2022 Erradicar la desnutrici\u00f3n infantil en las Am\u00e9ricas para 2030, estableciendo un modelo replicable para otras regiones del mundo<br>\u2022 Establecer programas nutricionales sostenibles en comunidades vulnerables, garantizando su continuidad y efectividad a largo plazo<br>\u2022 Crear una red internacional de respuesta r\u00e1pida ante crisis alimentarias, capaz de movilizar recursos y expertise de manera inmediata<br>\u2022 Formar l\u00edderes comunitarios especializados en nutrici\u00f3n infantil, creando capacidades locales para el manejo aut\u00f3nomo de programas<br>\u2022 Desarrollar tecnolog\u00edas innovadoras para el diagn\u00f3stico temprano y tratamiento de la desnutrici\u00f3n, democratizando el acceso a herramientas de salud<\/p>\n\n\n\n<p>FUNDACI\u00d3N FALCAO<br>Sobre la Fundaci\u00f3n<br>La Fundaci\u00f3n Radamel Falcao Garc\u00eda, creada en 2012, Aliada Estrategica de la UNESCO FEDERACI\u00d3N DE LOS ESTADOS UNIDOS DE AM\u00c9RICA para desarrollar programas deportivos, educativos y sociales que transformen la vida de ni\u00f1os, ni\u00f1as y j\u00f3venes en situaci\u00f3n de vulnerabilidad a lo largo del territorio colombiano y la regi\u00f3n.<\/p>\n\n\n\n<p>Desde su creaci\u00f3n, la Fundaci\u00f3n Falcao ha demostrado que el compromiso social aut\u00e9ntico puede generar cambios profundos y duraderos en las comunidades m\u00e1s necesitadas. Con m\u00e1s de una d\u00e9cada de trabajo ininterrumpido, la fundaci\u00f3n ha logrado impactar positivamente la vida de miles de familias, convirti\u00e9ndose en un referente de responsabilidad social en el \u00e1mbito deportivo latinoamericano.<\/p>\n\n\n\n<p>Radamel Falcao Garc\u00eda &#8211; Director Deportivo y Fundador<br>Radamel Falcao Garc\u00eda Z\u00e1rate, conocido mundialmente como \u201cEl Tigre\u201d, naci\u00f3 el 10 de febrero de 1986 en Santa Marta, Magdalena. Su historia es la de un ni\u00f1o samario que, a trav\u00e9s del f\u00fatbol, logr\u00f3 conquistar los estadios m\u00e1s importantes del mundo, pero que nunca olvid\u00f3 sus ra\u00edces ni la responsabilidad que conlleva el \u00e9xito.<\/p>\n\n\n\n<p>Trayectoria Deportiva Excepcional:<\/p>\n\n\n\n<p>La carrera de Falcao es un testimonio viviente de que los sue\u00f1os, cuando se combinan con trabajo duro y determinaci\u00f3n, pueden llevarnos m\u00e1s all\u00e1 de lo imaginable. Desde sus inicios en las divisiones menores de River Plate en Argentina, hasta convertirse en una leyenda del f\u00fatbol mundial, Falcao ha dejado su huella en cada club y cada pa\u00eds donde ha jugado.<\/p>\n\n\n\n<p>Su paso por el FC Porto de Portugal (2009-2011) lo catapult\u00f3 al estrellato europeo, donde demostr\u00f3 su capacidad goleadora y su liderazgo natural. En el Atl\u00e9tico de Madrid (2011-2013), alcanz\u00f3 la c\u00faspide de su carrera, convirti\u00e9ndose en el m\u00e1ximo referente del equipo colchonero y llev\u00e1ndolos a conquistar la Liga Europa y la Copa del Rey.<\/p>\n\n\n\n<p>Su experiencia en el AS Monaco de Francia, el Chelsea FC y Manchester United de Inglaterra, el Galatasaray de Turqu\u00eda, y el Rayo Vallecano de Espa\u00f1a, enriquecieron su visi\u00f3n global del f\u00fatbol y fortalecieron su compromiso con la excelencia deportiva y la responsabilidad social.<\/p>\n\n\n\n<p>Actualmente, como jugador de Millonarios FC en Colombia, Falcao ha cerrado el c\u00edrculo de su carrera regresando a su pa\u00eds natal, donde contin\u00faa siendo un ejemplo de profesionalismo y compromiso social para las nuevas generaciones.<\/p>\n\n\n\n<p>Logros Deportivos Destacados:<\/p>\n\n\n\n<pre class=\"wp-block-code\"><code>\u2022   M\u00e1ximo goleador hist\u00f3rico de la Selecci\u00f3n Colombia\n\u2022   Campe\u00f3n de la Liga Europa UEFA con Atl\u00e9tico de Madrid (2012)\n\u2022   Campe\u00f3n de la Copa del Rey con Atl\u00e9tico de Madrid (2013)\n\u2022   Campe\u00f3n de la Ligue 1 con AS Monaco (2017)\n\u2022   M\u00faltiples t\u00edtulos en Argentina, Portugal, Espa\u00f1a y Francia\n\u2022   Reconocido como uno de los mejores delanteros de su generaci\u00f3n<\/code><\/pre>\n\n\n\n<p>Compromiso Social Inquebrantable:<\/p>\n\n\n\n<p>M\u00e1s all\u00e1 de sus logros deportivos, Falcao ha demostrado que la verdadera grandeza se mide por el impacto positivo que se genera en la vida de otros. Su compromiso social no es una actividad secundaria, sino una parte integral de su identidad como persona y como deportista.<\/p>\n\n\n\n<p>Desde la creaci\u00f3n de su fundaci\u00f3n en 2012, Falcao ha invertido no solo recursos econ\u00f3micos, sino tambi\u00e9n tiempo, energ\u00eda y pasi\u00f3n en el desarrollo de programas que aborden las necesidades m\u00e1s urgentes de las comunidades vulnerables. Su enfoque integral, que combina el deporte, la educaci\u00f3n, la formaci\u00f3n espiritual y la asistencia social, refleja una comprensi\u00f3n profunda de las complejidades que enfrentan las familias en situaci\u00f3n de pobreza.<\/p>\n\n\n\n<p>Programas de la Fundaci\u00f3n Falcao:<\/p>\n\n\n\n<ol class=\"wp-block-list\">\n<li>Programa Ni\u00f1ez con Desarrollo Adecuado<br>Este programa integral se enfoca en brindar atenci\u00f3n psicosocial y espiritual a ni\u00f1os, ni\u00f1as y adolescentes en situaci\u00f3n de vulnerabilidad. A trav\u00e9s de actividades recreativas, deportivas y formativas, el programa busca crear un ambiente seguro y estimulante donde los menores puedan desarrollar sus habilidades, fortalecer su autoestima y construir un proyecto de vida s\u00f3lido.<\/li>\n<\/ol>\n\n\n\n<p>Las actividades incluyen entrenamientos de f\u00fatbol, talleres de formaci\u00f3n en valores, apoyo psicol\u00f3gico, actividades art\u00edsticas y culturales, y programas de alimentaci\u00f3n complementaria. El programa opera en m\u00faltiples regiones de Colombia, adapt\u00e1ndose a las necesidades espec\u00edficas de cada comunidad.<\/p>\n\n\n\n<ol start=\"2\" class=\"wp-block-list\">\n<li>Becas Universitarias y Educaci\u00f3n Superior<br>Reconociendo que la educaci\u00f3n es la herramienta m\u00e1s poderosa para romper el ciclo de la pobreza, la Fundaci\u00f3n Falcao ha establecido alianzas estrat\u00e9gicas con prestigiosas universidades para ofrecer becas de pregrado a j\u00f3venes talentosos de escasos recursos.<\/li>\n<\/ol>\n\n\n\n<p>El convenio con la Universidad Sergio Arboleda, establecido en 2021, y el m\u00e1s reciente acuerdo con la Universidad UNAB en 2024, han permitido que decenas de j\u00f3venes accedan a educaci\u00f3n superior de calidad. El programa no se limita a la financiaci\u00f3n de los estudios, sino que incluye acompa\u00f1amiento acad\u00e9mico, apoyo psicol\u00f3gico y formaci\u00f3n en liderazgo.<\/p>\n\n\n\n<ol start=\"3\" class=\"wp-block-list\">\n<li>M\u00e1s Mujeres con Prop\u00f3sito<br>Este innovador programa se enfoca en el empoderamiento femenino a trav\u00e9s de procesos de transformaci\u00f3n personal y profesional. Dirigido a mujeres de regiones vulnerables, el programa ofrece capacitaci\u00f3n en liderazgo, emprendimiento, habilidades t\u00e9cnicas y desarrollo personal.<\/li>\n<\/ol>\n\n\n\n<p>Las participantes reciben formaci\u00f3n en \u00e1reas como gesti\u00f3n empresarial, tecnolog\u00eda, comunicaci\u00f3n efectiva y desarrollo de proyectos productivos. El programa ha demostrado ser especialmente efectivo en zonas rurales, donde las mujeres enfrentan mayores barreras para acceder a oportunidades de desarrollo.<\/p>\n\n\n\n<ol start=\"4\" class=\"wp-block-list\">\n<li>Asistencia Alimentaria y Nutricional<br>En l\u00ednea con la misi\u00f3n de UNESCO WFUCA de combatir la desnutrici\u00f3n infantil, la Fundaci\u00f3n Falcao desarrolla programas de asistencia alimentaria que van m\u00e1s all\u00e1 de la simple distribuci\u00f3n de alimentos. Los programas incluyen educaci\u00f3n nutricional, huertos comunitarios, capacitaci\u00f3n en preparaci\u00f3n de alimentos nutritivos y seguimiento del estado nutricional de los beneficiarios.<\/li>\n<\/ol>\n\n\n\n<p>Zonas de Impacto de la Fundaci\u00f3n Falcao:<br>Cundinamarca: En esta regi\u00f3n, la fundaci\u00f3n desarrolla programas tanto en zonas rurales como urbanas, enfoc\u00e1ndose en comunidades perif\u00e9ricas de Bogot\u00e1 y municipios aleda\u00f1os donde la pobreza y la falta de oportunidades limitan el desarrollo de los j\u00f3venes.<\/p>\n\n\n\n<p>Catatumbo: Esta regi\u00f3n, hist\u00f3ricamente afectada por el conflicto armado y la presencia de cultivos il\u00edcitos, ha sido priorizada por la fundaci\u00f3n debido a las enormes necesidades de su poblaci\u00f3n. Los programas se enfocan en ofrecer alternativas legales y productivas a los j\u00f3venes, alej\u00e1ndolos de la violencia y los grupos armados.<\/p>\n\n\n\n<p>Magdalena: Como regi\u00f3n natal de Falcao, el Magdalena ocupa un lugar especial en las actividades de la fundaci\u00f3n. Los programas en Santa Marta y otros municipios del departamento se enfocan en aprovechar el potencial tur\u00edstico y cultural de la regi\u00f3n para generar oportunidades de desarrollo sostenible.<\/p>\n\n\n\n<p>Putumayo: En esta regi\u00f3n fronteriza, la fundaci\u00f3n trabaja en el fortalecimiento del tejido social y el desarrollo de capacidades comunitarias, reconociendo los desaf\u00edos \u00fanicos que enfrentan las comunidades en zonas de frontera.<\/p>\n\n\n\n<p>CRONOGRAMA DEL EVENTO &#8211; 14 DE DICIEMBRE DE 2025<br>El evento \u201cF\u00daTBOL: EL SUE\u00d1O M\u00c1S ANHELADO DEL MUNDO\u201d ha sido dise\u00f1ado como una experiencia integral que trasciende el entretenimiento deportivo para convertirse en una jornada de reflexi\u00f3n, compromiso y acci\u00f3n social. El cronograma de 12 horas de actividades ha sido cuidadosamente estructurado para maximizar el impacto educativo y emocional del evento.<\/p>\n\n\n\n<p>8:00 AM &#8211; 10:00 AM: Apertura y Acreditaciones<br>La jornada comenzar\u00e1 con la apertura de las puertas del Estadio Sierra Nevada, permitiendo el ingreso ordenado de los 16,126 espectadores esperados. Durante estas dos horas iniciales, se llevar\u00e1 a cabo la acreditaci\u00f3n de medios de comunicaci\u00f3n nacionales e internacionales, el montaje final de los escenarios y las pruebas t\u00e9cnicas de sonido y sistemas audiovisuales.<\/p>\n\n\n\n<p>El proceso de ingreso estar\u00e1 acompa\u00f1ado de actividades culturales que reflejen la riqueza del Caribe colombiano, con presentaciones de grupos folcl\u00f3ricos locales y la distribuci\u00f3n de material informativo sobre la campa\u00f1a contra la desnutrici\u00f3n infantil.<\/p>\n\n\n\n<p>10:00 AM &#8211; 11:00 AM: Ceremonia de Apertura<br>La ceremonia oficial dar\u00e1 inicio con la interpretaci\u00f3n del Himno Nacional de Colombia, seguido del himno institucional de UNESCO FEDERACI\u00d3N DE LOS ESTADOS UNIDOS DE AM\u00c9RICA. Las palabras de bienvenida estar\u00e1n a cargo de las autoridades locales, incluyendo el alcalde de Santa Marta, el gobernador del Magdalena y representantes del gobierno nacional.<\/p>\n\n\n\n<p>La presentaci\u00f3n oficial del evento incluir\u00e1 un video institucional que explique la misi\u00f3n de UNESCO WFUCA y los objetivos espec\u00edficos de la campa\u00f1a \u201cF\u00daTBOL: EL SUE\u00d1O M\u00c1S ANHELADO DEL MUNDO\u201d.<\/p>\n\n\n\n<p>11:00 AM &#8211; 12:00 PM: Conferencia Magistral<br>La Dra. Mar\u00eda Fernanda Mazo, Ministra de Salud y Nutrici\u00f3n de UNESCO WFUCA, presentar\u00e1 oficialmente el libro \u201cPiel y Huesos &#8211; Desnutrici\u00f3n Infantil Cada Diez Segundos\u201d. Esta presentaci\u00f3n incluir\u00e1 un an\u00e1lisis profundo de la situaci\u00f3n actual de la desnutrici\u00f3n infantil a nivel mundial y regional.<\/p>\n\n\n\n<p>Un panel de expertos internacionales en nutrici\u00f3n infantil complementar\u00e1 la presentaci\u00f3n, seguido de testimonios emotivos de beneficiarios de programas nutricionales desarrollados por UNESCO WFUCA y la Fundaci\u00f3n Falcao. El lanzamiento oficial de la campa\u00f1a global cerrar\u00e1 esta sesi\u00f3n.<\/p>\n\n\n\n<p>12:00 PM &#8211; 1:00 PM: Almuerzo y Actividades Culturales<br>Durante el receso para almuerzo, se desarrollar\u00e1n presentaciones folcl\u00f3ricas que celebren la diversidad cultural de la regi\u00f3n Caribe. Una exposici\u00f3n fotogr\u00e1fica sobre la desnutrici\u00f3n infantil mundial, curada especialmente para el evento, estar\u00e1 disponible para los asistentes.<\/p>\n\n\n\n<p>Las actividades interactivas para ni\u00f1os y familias incluir\u00e1n talleres educativos sobre nutrici\u00f3n, juegos tradicionales y actividades deportivas dirigidas por entrenadores de la Fundaci\u00f3n Falcao.<\/p>\n\n\n\n<p>1:00 PM &#8211; 2:30 PM: Opening Musical<br>El momento musical del evento contar\u00e1 con la participaci\u00f3n de dos de los artistas colombianos m\u00e1s reconocidos internacionalmente:<\/p>\n\n\n\n<p>Carlos Vives ofrecer\u00e1 una presentaci\u00f3n especial que incluir\u00e1 algunos de sus grandes \u00e9xitos, adaptados con mensajes alusivos a la campa\u00f1a social. Su repertorio incluir\u00e1 canciones emblem\u00e1ticas como \u201cLa Tierra del Olvido\u201d y \u201cFruta Fresca\u201d, reinterpretadas con un enfoque en la responsabilidad social y el compromiso con la infancia.<\/p>\n\n\n\n<p>Juanes presentar\u00e1 un concierto ac\u00fastico \u00edntimo, donde sus canciones m\u00e1s conocidas como \u201cA Dios le Pido\u201d y \u201cLa Camisa Negra\u201d servir\u00e1n como veh\u00edculo para transmitir mensajes de esperanza y solidaridad. Su presentaci\u00f3n incluir\u00e1 un segmento especial dedicado a la paz y la protecci\u00f3n de los derechos de los ni\u00f1os.<\/p>\n\n\n\n<p>Maluma participar\u00e1 a trav\u00e9s de un mensaje especial pregrabado sobre la importancia del deporte en el desarrollo de la juventud y su compromiso personal con las causas sociales. Este mensaje ser\u00e1 proyectado en las pantallas gigantes del estadio, creando un momento de conexi\u00f3n emocional con los asistentes.<\/p>\n\n\n\n<p>2:30 PM &#8211; 3:00 PM: Ceremonia de Premiaci\u00f3n UNESCO<br>Esta ceremonia especial reconocer\u00e1 a personalidades, empresas y organizaciones que han demostrado un compromiso excepcional con la lucha contra la desnutrici\u00f3n infantil y el desarrollo social.<\/p>\n\n\n\n<p>Los reconocimientos incluir\u00e1n galardones a empresas comprometidas con la responsabilidad social, el nombramiento de nuevos embajadores de buena voluntad de UNESCO WFUCA, y la presentaci\u00f3n de autoridades internacionales que respaldan la campa\u00f1a.<\/p>\n\n\n\n<p>3:00 PM &#8211; 4:00 PM: Demostraci\u00f3n EHANG 216<br>El momento m\u00e1s espectacular del evento ser\u00e1 la primera demostraci\u00f3n en Latinoam\u00e9rica del drone de pasajeros EHANG 216. Este vuelo demostrativo sobre el Estadio Sierra Nevada no solo representar\u00e1 un hito tecnol\u00f3gico, sino que servir\u00e1 como met\u00e1fora poderosa de la esperanza y la innovaci\u00f3n al servicio de la humanidad.<\/p>\n\n\n\n<p>La demostraci\u00f3n incluir\u00e1 una explicaci\u00f3n t\u00e9cnica de las capacidades del EHANG 216, su potencial para revolucionar el transporte urbano y su simbolismo como representaci\u00f3n del vuelo hacia un futuro sin desnutrici\u00f3n infantil.<\/p>\n\n\n\n<p>4:00 PM &#8211; 6:00 PM: Partido Amistoso de Estrellas<br>El encuentro deportivo reunir\u00e1 a leyendas del f\u00fatbol colombiano e internacional en un partido que celebrar\u00e1 el poder unificador del deporte. Radamel Falcao Garc\u00eda tendr\u00e1 una participaci\u00f3n especial, junto con otros grandes nombres del f\u00fatbol mundial que han confirmado su asistencia.<\/p>\n\n\n\n<p>El partido ser\u00e1 arbitrado por figuras reconocidas del arbitraje internacional, y contar\u00e1 con invitados sorpresa que se revelar\u00e1n durante el evento. M\u00e1s que una competencia, este encuentro ser\u00e1 una celebraci\u00f3n del f\u00fatbol como herramienta de transformaci\u00f3n social.<\/p>\n\n\n\n<p>6:00 PM &#8211; 7:00 PM: Ceremonia de Clausura<br>La ceremonia de clausura incluir\u00e1 la presentaci\u00f3n de los resultados preliminares de la campa\u00f1a, incluyendo los fondos recaudados durante el evento y los compromisos adquiridos por patrocinadores y aliados.<\/p>\n\n\n\n<p>Se anunciar\u00e1 p\u00fablicamente el compromiso de continuidad de los programas desarrollados por UNESCO WFUCA y la Fundaci\u00f3n Falcao, estableciendo metas espec\u00edficas para los pr\u00f3ximos a\u00f1os. El mensaje final estar\u00e1 a cargo de los representantes de UNESCO FEDERACI\u00d3N DE LOS ESTADOS UNIDOS DE AM\u00c9RICA.<\/p>\n\n\n\n<p><\/p>\n\n\n\n<p>El mensaje final de esperanza y compromiso ser\u00e1 seguido por los agradecimientos oficiales y la despedida, marcando el fin de una jornada hist\u00f3rica que quedar\u00e1 grabada en la memoria de todos los asistentes.<\/p>\n\n\n\n<p>BOLETER\u00cdA Y ACCESO AL EVENTO<br>Modalidad de Acceso Innovadora<br>El acceso al evento se realiza exclusivamente a trav\u00e9s de la compra del libro \u201cPiel y Huesos &#8211; Desnutrici\u00f3n Infantil Cada Diez Segundos\u201d de la Dra. Mar\u00eda Fernanda Mazo, Ministra de Salud y Nutrici\u00f3n de UNESCO WFUCA. Esta modalidad innovadora garantiza que cada asistente no solo participe del evento, sino que tambi\u00e9n se convierta en un agente de cambio al adquirir conocimiento sobre la problem\u00e1tica de la desnutrici\u00f3n infantil.<\/p>\n\n\n\n<p>Distribuci\u00f3n y Precios por Zonas del Estadio Sierra Nevada:<br>La estructura de precios ha sido dise\u00f1ada para garantizar la accesibilidad del evento a diferentes segmentos de la poblaci\u00f3n, manteniendo al mismo tiempo la sostenibilidad financiera necesaria para cumplir con los objetivos sociales de la campa\u00f1a.<\/p>\n\n\n\n<p>Sur (Hinchada Local M\u00e1s Apasionada)<br>\u2022 Precio: $160,000 COP<br>\u2022 Capacidad: 4,500 espectadores<br>\u2022 Incluye: Libro \u201cPiel y Huesos\u201d + Entrada al evento + Kit de bienvenida con material educativo + Refrigerio b\u00e1sico<\/p>\n\n\n\n<p>Esta zona, tradicionalmente ocupada por los seguidores m\u00e1s apasionados del f\u00fatbol local, mantiene el precio m\u00e1s accesible para garantizar que las comunidades locales puedan participar activamente del evento.<\/p>\n\n\n\n<p>Oriental Alta (Visitante o General)<br>\u2022 Precio: $180,000 &#8211; $240,000 COP<br>\u2022 Capacidad: 3,500 espectadores<br>\u2022 Incluye: Libro \u201cPiel y Huesos\u201d + Entrada al evento + Kit de bienvenida + Refrigerio completo + Acceso a actividades interactivas<\/p>\n\n\n\n<p>Esta zona ofrece una excelente vista del campo y est\u00e1 dise\u00f1ada para familias y visitantes que deseen una experiencia completa del evento.<\/p>\n\n\n\n<p>Occidental Alta (Nacional)<br>\u2022 Precio: $210,000 &#8211; $260,000 COP<br>\u2022 Capacidad: 3,000 espectadores<br>\u2022 Incluye: Libro \u201cPiel y Huesos\u201d + Entrada al evento + Kit de bienvenida premium + Refrigerio completo + Programa oficial del evento + Acceso prioritario a exposiciones<\/p>\n\n\n\n<p>Oriental Baja<br>\u2022 Precio: $260,000 &#8211; $310,000 COP<br>\u2022 Capacidad: 2,200 espectadores<br>\u2022 Incluye: Libro \u201cPiel y Huesos\u201d + Entrada al evento + Kit premium + Refrigerio gourmet + Programa oficial + Acceso a zona de networking<\/p>\n\n\n\n<p>Occidental Baja (Nacional)<br>\u2022 Precio: $310,000 &#8211; $360,000 COP<br>\u2022 Capacidad: 1,800 espectadores<br>\u2022 Incluye: Libro \u201cPiel y Huesos\u201d + Entrada al evento + Kit premium + Almuerzo completo + Programa oficial + Certificado de participaci\u00f3n + Acceso a actividades VIP<\/p>\n\n\n\n<p>Occidental Preferencial (Palcos Bajos)<br>\u2022 Precio: $410,000 &#8211; $460,000 COP<br>\u2022 Capacidad: 1,000 espectadores<br>\u2022 Incluye: Libro \u201cPiel y Huesos\u201d + Entrada al evento + Kit VIP + Almuerzo gourmet + Programa oficial + Certificado personalizado + Meet &amp; Greet con artistas + Acceso a zona exclusiva<\/p>\n\n\n\n<p>Palcos VIP (Privados o Corporativos)<br>\u2022 Precio: $1,060,000 &#8211; $3,060,000 COP (por palco completo)<br>\u2022 Capacidad: 126 espacios VIP (aproximadamente 50 personas por palco)<br>\u2022 Incluye: Libros \u201cPiel y Huesos\u201d para todos los asistentes + Catering completo personalizado + Servicio de meseros + Acceso exclusivo a \u00e1reas VIP + Certificados personalizados + Meet &amp; Greet privado + Fotograf\u00edas oficiales + Material promocional exclusivo<\/p>\n\n\n\n<p>EL LIBRO \u201cPIEL Y HUESOS &#8211; DESNUTRICI\u00d3N INFANTIL CADA DIEZ SEGUNDOS\u201d<br>NO VOLTEES LA MIRADA.<\/p>\n\n\n\n<p>Sobre la Autora<br>Dra. Mar\u00eda Fernanda MazoMinistra de Salud y Nutrici\u00f3n de UNESCO FEDERACI\u00d3N DE LOS ESTADOS UNIDOS DE AM\u00c9RICA<\/p>\n\n\n\n<p>La Dra. Mar\u00eda Fernanda Mazo es una reconocida especialista en nutrici\u00f3n infantil y salud p\u00fablica, con m\u00e1s de 15 a\u00f1os de experiencia en el desarrollo e implementaci\u00f3n de programas nutricionales para poblaciones vulnerables. Su trabajo ha sido fundamental en la formulaci\u00f3n de pol\u00edticas p\u00fablicas orientadas a la erradicaci\u00f3n de la desnutrici\u00f3n infantil en las Am\u00e9ricas.<\/p>\n\n\n\n<p>Graduada con honores de la Universidad Nacional de Colombia en Medicina, complet\u00f3 su especializaci\u00f3n en Nutrici\u00f3n Pedi\u00e1trica en la Universidad de Harvard y obtuvo su doctorado en Salud P\u00fablica en la London School of Hygiene &amp; Tropical Medicine. Su experiencia incluye trabajo de campo en m\u00e1s de 20 pa\u00edses, donde ha liderado programas de intervenci\u00f3n nutricional en situaciones de emergencia y desarrollo sostenible.<\/p>\n\n\n\n<p>Contenido del Libro<br>\u201cPiel y Huesos &#8211; Desnutrici\u00f3n Infantil Cada Diez Segundos\u201d es m\u00e1s que un texto acad\u00e9mico sobre desnutrici\u00f3n infantil; es un llamado urgente a la acci\u00f3n que documenta la realidad de millones de ni\u00f1os que sufren de hambre mientras el mundo observa, muchas veces, con indiferencia.<\/p>\n\n\n\n<p>Estructura y Cap\u00edtulos Principales:<\/p>\n\n\n\n<p>Cap\u00edtulo 1: La Fotograf\u00eda que Cambi\u00f3 al Mundo<br>Un an\u00e1lisis profundo de la ic\u00f3nica imagen de Kevin Carter que captur\u00f3 a una ni\u00f1a sudanesa desnutrida con un buitre esperando cerca. Este cap\u00edtulo explora el contexto hist\u00f3rico de la fotograf\u00eda, su impacto en la conciencia mundial y las lecciones que a\u00fan debemos aprender de ella.<\/p>\n\n\n\n<p>Cap\u00edtulo 2: Cada Diez Segundos &#8211; La Realidad en Cifras<br>Una presentaci\u00f3n exhaustiva de las estad\u00edsticas globales de la desnutrici\u00f3n infantil, incluyendo mapas interactivos, gr\u00e1ficos evolutivos y proyecciones futuras. El cap\u00edtulo desglosa la informaci\u00f3n por regiones, pa\u00edses y grupos demogr\u00e1ficos, ofreciendo una visi\u00f3n completa de la magnitud del problema.<\/p>\n\n\n\n<p>Cap\u00edtulo 3: No Voltees la Mirada &#8211; El Imperativo Moral<br>Una reflexi\u00f3n filos\u00f3fica y \u00e9tica sobre la responsabilidad individual y colectiva frente al sufrimiento ajeno. El cap\u00edtulo examina los mecanismos psicol\u00f3gicos que nos llevan a la indiferencia y propone estrategias para desarrollar una conciencia social m\u00e1s activa y comprometida.<\/p>\n\n\n\n<p>Cap\u00edtulo 4: Los Poderes que Pueden Cambiar<br>Una identificaci\u00f3n detallada de los actores clave que tienen la capacidad de generar cambios significativos en la lucha contra la desnutrici\u00f3n infantil, incluyendo gobiernos, organizaciones internacionales, sector privado, medios de comunicaci\u00f3n y sociedad civil.<\/p>\n\n\n\n<p>Cap\u00edtulo 5: El Camino hacia la Esperanza<br>Una compilaci\u00f3n de programas exitosos y modelos replicables que han demostrado efectividad en la reducci\u00f3n de la desnutrici\u00f3n infantil. El cap\u00edtulo incluye estudios de caso de diferentes regiones del mundo y an\u00e1lisis de factores de \u00e9xito.<\/p>\n\n\n\n<p>El Legado de Kevin Carter<br>El libro dedica un espacio especial al legado de Kevin Carter (1960-1994), el fot\u00f3grafo sudafricano cuya imagen de una ni\u00f1a sudanesa desnutrida se convirti\u00f3 en s\u00edmbolo universal de la desnutrici\u00f3n infantil y le vali\u00f3 el Premio Pulitzer de Fotograf\u00eda en 1994.<\/p>\n\n\n\n<p>La fotograf\u00eda, tomada en marzo de 1993 en Ayod, Sud\u00e1n del Sur, durante una de las hambrunas m\u00e1s devastadoras de la historia reciente, no solo document\u00f3 una crisis humanitaria espec\u00edfica; revel\u00f3 la indiferencia mundial ante el sufrimiento de los m\u00e1s vulnerables y plante\u00f3 preguntas profundas sobre la responsabilidad moral del observador.<\/p>\n\n\n\n<p>Kevin Carter, miembro del famoso \u201cBang-Bang Club\u201d de fot\u00f3grafos sudafricanos, esper\u00f3 20 minutos para tomar la fotograf\u00eda perfecta, tiempo durante el cual el buitre permaneci\u00f3 cerca de la ni\u00f1a desnutrida. La imagen, que dio la vuelta al mundo, gener\u00f3 tanto admiraci\u00f3n por su poder comunicativo como cr\u00edticas por la aparente pasividad del fot\u00f3grafo ante el sufrimiento humano.<\/p>\n\n\n\n<p>El peso emocional de lo que hab\u00eda presenciado y documentado a lo largo de su carrera, incluyendo esta imagen espec\u00edfica, llev\u00f3 a Carter a quitarse la vida apenas tres meses despu\u00e9s de recibir el Premio Pulitzer, a los 33 a\u00f1os de edad. En su nota de suicidio, escribi\u00f3: \u201cEstoy atormentado por los recuerdos v\u00edvidos de asesinatos y cad\u00e1veres y dolor y ni\u00f1os hambrientos heridos\u2026\u201d<\/p>\n\n\n\n<p>Mensaje Central: \u201cNo Voltees la Mirada\u201d<br>El libro utiliza la imagen y la historia de Kevin Carter como met\u00e1fora de la elecci\u00f3n moral que enfrentamos como humanidad: podemos ser como el buitre que espera pasivamente mientras el sufrimiento se desarrolla ante nuestros ojos, o podemos ser la ayuda que esa ni\u00f1a sudanesa necesitaba desesperadamente.<\/p>\n\n\n\n<p>El mensaje \u201cNO VOLTEES LA MIRADA\u201d se convierte as\u00ed en un imperativo moral que trasciende la simple observaci\u00f3n para exigir acci\u00f3n. Es un llamado a reconocer que la indiferencia ante el sufrimiento ajeno nos convierte, de alguna manera, en c\u00f3mplices de ese sufrimiento.<\/p>\n\n\n\n<p>El libro argumenta que cada uno de nosotros tiene el poder de elegir ser parte de la soluci\u00f3n, y que esa elecci\u00f3n se manifiesta en acciones concretas: desde la compra de este libro hasta el compromiso activo con organizaciones que trabajan en la erradicaci\u00f3n de la desnutrici\u00f3n infantil.<\/p>\n\n\n\n<p>Los Cinco Poderes para el Cambio<br>El libro identifica cinco poderes fundamentales que, trabajando de manera coordinada, pueden generar el cambio necesario para erradicar la desnutrici\u00f3n infantil:<\/p>\n\n\n\n<ol class=\"wp-block-list\">\n<li>Poder Pol\u00edtico: Los gobiernos y las organizaciones internacionales tienen la capacidad de crear pol\u00edticas p\u00fablicas, asignar recursos y establecer marcos regulatorios que prioricen la nutrici\u00f3n infantil.<\/li>\n\n\n\n<li>Poder Econ\u00f3mico: El sector privado, las fundaciones y los inversionistas pueden movilizar recursos financieros significativos y desarrollar soluciones innovadoras y sostenibles.<\/li>\n\n\n\n<li>Poder Social: Las organizaciones de la sociedad civil, las comunidades locales y los l\u00edderes comunitarios pueden implementar programas directos y generar cambios culturales duraderos.<\/li>\n\n\n\n<li>Poder Medi\u00e1tico: Los medios de comunicaci\u00f3n y las plataformas digitales pueden visibilizar el problema, educar a la poblaci\u00f3n y movilizar la opini\u00f3n p\u00fablica hacia la acci\u00f3n.<\/li>\n\n\n\n<li>Poder Deportivo: Los atletas, las organizaciones deportivas y los eventos masivos pueden utilizar su influencia y alcance para generar conciencia y movilizar recursos de manera \u00fanica y efectiva.<\/li>\n<\/ol>\n\n\n\n<p>AN\u00c1LISIS FINANCIERO DETALLADO<br>Ingresos Proyectados por Boleter\u00eda:<br>El an\u00e1lisis financiero del evento ha sido desarrollado considerando la capacidad espec\u00edfica del Estadio Sierra Nevada (16,126 espectadores) y la estructura de precios dise\u00f1ada para garantizar tanto la accesibilidad como la sostenibilidad del evento.<\/p>\n\n\n\n<p>Distribuci\u00f3n de Ingresos por Zonas:<\/p>\n\n\n\n<pre class=\"wp-block-code\"><code>\u2022   Sur (Hinchada Local): 4,500 \u00d7 $160,000 = $720,000,000 COP\n\u2022   Oriental Alta: 3,500 \u00d7 $210,000 (promedio) = $735,000,000 COP\n\u2022   Occidental Alta: 3,000 \u00d7 $235,000 (promedio) = $705,000,000 COP\n\u2022   Oriental Baja: 2,200 \u00d7 $285,000 (promedio) = $627,000,000 COP\n\u2022   Occidental Baja: 1,800 \u00d7 $335,000 (promedio) = $603,000,000 COP\n\u2022   Preferencial: 1,000 \u00d7 $435,000 (promedio) = $435,000,000 COP\n\u2022   Palcos VIP: 126 \u00d7 $2,060,000 (promedio) = $259,560,000 COP<\/code><\/pre>\n\n\n\n<p>Total Boleter\u00eda: $4,084,560,000 COP<\/p>\n\n\n\n<p>Otros Ingresos Proyectados:<br>Patrocinios y Alianzas Estrat\u00e9gicas: $2,700,000,000 COP<\/p>\n\n\n\n<pre class=\"wp-block-code\"><code>\u2022   Patrocinador principal: $800,000,000 COP\n\u2022   Patrocinadores secundarios: $1,500,000,000 COP\n\u2022   Aliados regionales: $400,000,000 COP<\/code><\/pre>\n\n\n\n<p>Derechos de Transmisi\u00f3n: $1,050,000,000 COP<\/p>\n\n\n\n<pre class=\"wp-block-code\"><code>\u2022   Televisi\u00f3n nacional: $600,000,000 COP\n\u2022   Streaming internacional: $300,000,000 COP\n\u2022   Redes sociales y digital: $150,000,000 COP<\/code><\/pre>\n\n\n\n<p>Concesiones y Merchandising: $850,000,000 COP<\/p>\n\n\n\n<pre class=\"wp-block-code\"><code>\u2022   Alimentos y bebidas: $400,000,000 COP\n\u2022   Merchandising oficial: $250,000,000 COP\n\u2022   Productos del libro: $200,000,000 COP<\/code><\/pre>\n\n\n\n<p>Actividades Complementarias: $450,000,000 COP<\/p>\n\n\n\n<pre class=\"wp-block-code\"><code>\u2022   Exposiciones y stands: $150,000,000 COP\n\u2022   Actividades VIP: $200,000,000 COP\n\u2022   Fotograf\u00eda y recuerdos: $100,000,000 COP<\/code><\/pre>\n\n\n\n<p>TOTAL INGRESOS PROYECTADOS: $9,134,560,000 COP<br>Gastos Operacionales Detallados:<br>Producci\u00f3n y Artistas: $2,300,000,000 COP<\/p>\n\n\n\n<pre class=\"wp-block-code\"><code>\u2022   Carlos Vives: $800,000,000 COP\n\u2022   Juanes: $700,000,000 COP\n\u2022   Maluma (mensaje especial): $300,000,000 COP\n\u2022   Producci\u00f3n t\u00e9cnica: $500,000,000 COP<\/code><\/pre>\n\n\n\n<p>Demostraci\u00f3n EHANG 216: $750,000,000 COP<\/p>\n\n\n\n<pre class=\"wp-block-code\"><code>\u2022   Alquiler del drone: $400,000,000 COP\n\u2022   Permisos y seguros: $200,000,000 COP\n\u2022   Personal t\u00e9cnico: $150,000,000 COP<\/code><\/pre>\n\n\n\n<p>Partido Amistoso: $750,000,000 COP<\/p>\n\n\n\n<pre class=\"wp-block-code\"><code>\u2022   Honorarios jugadores: $600,000,000 COP\n\u2022   Arbitraje: $50,000,000 COP\n\u2022   Log\u00edstica deportiva: $100,000,000 COP<\/code><\/pre>\n\n\n\n<p>Marketing y Comunicaciones: $850,000,000 COP<br>Log\u00edstica y Operaciones: $900,000,000 COP<br>Seguridad y Permisos: $500,000,000 COP<br>Gastos Administrativos: $550,000,000 COP<\/p>\n\n\n\n<p>TOTAL GASTOS: $6,600,000,000 COP<br>An\u00e1lisis de Rentabilidad:<br>\u2022 Utilidad Bruta: $2,534,560,000 COP<br>\u2022 Margen de Utilidad: 27.8%<br>\u2022 20% para Fundaci\u00f3n Falcao (UNESCO WFUCA): $506,912,000 COP<\/p>\n\n\n\n<p>IMPACTO SOCIAL Y LEGADO<br>Beneficiarios Directos del Evento:<br>\u2022 6,000+ ni\u00f1os en programas nutricionales espec\u00edficos<br>\u2022 2,500+ j\u00f3venes en escuelas deportivas de la Fundaci\u00f3n Falcao<br>\u2022 1,200+ becarios en programas educativos<br>\u2022 12,000+ familias beneficiadas directamente<\/p>\n\n\n\n<p>Beneficiarios Indirectos:<br>\u2022 35,000+ personas en comunidades impactadas por los programas<br>\u2022 3,500 empleos generados (directos e indirectos)<br>\u2022 Regi\u00f3n Caribe fortalecida en su capacidad de organizaci\u00f3n de eventos<\/p>\n\n\n\n<p>Alineaci\u00f3n con Objetivos de Desarrollo Sostenible:<br>\u2022 ODS 1: Fin de la pobreza &#8211; A trav\u00e9s de programas de generaci\u00f3n de ingresos<br>\u2022 ODS 2: Hambre cero &#8211; Objetivo central de la campa\u00f1a<br>\u2022 ODS 3: Salud y bienestar &#8211; Programas nutricionales integrales<br>\u2022 ODS 4: Educaci\u00f3n de calidad &#8211; Becas y programas educativos<br>\u2022 ODS 5: Igualdad de g\u00e9nero &#8211; Programa \u201cM\u00e1s Mujeres con Prop\u00f3sito\u201d<br>\u2022 ODS 17: Alianzas para lograr los objetivos &#8211; Colaboraci\u00f3n UNESCO-Fundaci\u00f3n Falcao<\/p>\n\n\n\n<p>Legado Permanente del Evento:<br>1. Creaci\u00f3n de un fondo permanente para programas nutricionales en la regi\u00f3n Caribe<br>2. Establecimiento de escuelas deportivas sostenibles en Santa Marta y el Magdalena<br>3. Formaci\u00f3n de l\u00edderes comunitarios especializados en deporte social y nutrici\u00f3n<br>4. Modelo replicable para futuros eventos de UNESCO WFUCA en otras regiones<br>5. Fortalecimiento institucional de la Fundaci\u00f3n Falcao como aliado estrat\u00e9gico<\/p>\n\n\n\n<p>REFLEXI\u00d3N FINAL: EL LLAMADO DE PIEL Y HUESOS EN SANTA MARTA<br>La campa\u00f1a \u201cF\u00daTBOL: EL SUE\u00d1O M\u00c1S ANHELADO DEL MUNDO\u201d trasciende el entretenimiento deportivo para convertirse en un acto de resistencia contra la indiferencia que document\u00f3 en la fotograf\u00eda dram\u00e1tica ganadora del Pulitzer. Al elegir Santa Marta como sede y a Radamel Falcao Garc\u00eda como director deportivo, el evento adquiere una dimensi\u00f3n simb\u00f3lica profunda que conecta el talento local con la responsabilidad global.<\/p>\n\n\n\n<p>Cada entrada adquirida a trav\u00e9s del libro \u201cPiel y Huesos\u201d es una declaraci\u00f3n de que no estamos dispuestos a seguir siendo como el buitre de la imagen de Carter: observadores pasivos del sufrimiento ajeno. Es un compromiso activo con la transformaci\u00f3n de una realidad que, aunque lejana geogr\u00e1ficamente, nos interpela moralmente como seres humanos.<\/p>\n\n\n\n<p>La pregunta que nos deja la Dra. Mar\u00eda Fernanda Mazo, inspirada en el legado de Carter y potenciada por el ejemplo de Falcao, es simple pero profunda: \u00bfVas a ser el buitre o Eres la esperanza?<\/p>\n\n\n\n<p>El 14 de diciembre de 2025, en el Estadio Sierra Nevada de Santa Marta, tendremos la oportunidad de honrar la memoria de Kevin Carter, de celebrar el compromiso social de Radamel Falcao Garc\u00eda, y de unirnos a UNESCO FEDERACI\u00d3N DE LOS ESTADOS UNIDOS DE AM\u00c9RICA en una causa que trasciende fronteras, idiomas y diferencias culturales.<\/p>\n\n\n\n<p>Porque al final del d\u00eda, el verdadero sue\u00f1o m\u00e1s anhelado del mundo no es marcar un gol en un estadio lleno; es que ning\u00fan ni\u00f1o tenga que vivir lo que vivi\u00f3 esa ni\u00f1a sudanesa que Carter inmortaliz\u00f3 en su lente, y que ning\u00fan adulto tenga que cargar con el peso de la indiferencia que llev\u00f3 al propio fot\u00f3grafo a tomar la decisi\u00f3n m\u00e1s tr\u00e1gica de su vida.<\/p>\n\n\n\n<p>En Santa Marta, ciudad que vio nacer a \u201cEl Tigre\u201d Falcao, escribiremos un nuevo cap\u00edtulo en la historia de la solidaridad humana. Un cap\u00edtulo donde el f\u00fatbol, el arte, la ciencia y la conciencia social se unen para demostrar que s\u00ed es posible cambiar el mundo, un ni\u00f1o a la vez, una familia a la vez, una comunidad a la vez.<\/p>\n\n\n\n<p>UNESCO FEDERACI\u00d3N DE LOS ESTADOS UNIDOS DE AM\u00c9RICAFundaci\u00f3n Falcao\u201cConstruyendo paz a trav\u00e9s del deporte, la educaci\u00f3n y la conciencia social\u201d\u201cEn memoria de Kevin Carter y de todos los ni\u00f1os que esperan que no volteemos la mirada\u201d<\/p>\n\n\n\n<p><\/p>\n\n\n\n<p class=\"has-x-large-font-size\">Analisis <strong>Financiero<\/strong><\/p>\n\n\n\n<p>An\u00e1lisis Financiero Actualizado &#8211; Estadio Sierra Nevada<br>Evento: \u201cF\u00daTBOL: EL SUE\u00d1O M\u00c1S ANHELADO DEL MUNDO\u201d<br>UNESCO FEDERACI\u00d3N DE LOS ESTADOS UNIDOS DE AM\u00c9RICA<\/p>\n\n\n\n<p>DATOS DEL EVENTO ACTUALIZADO<br>Informaci\u00f3n General<br>\u2022 Fecha: 14 de diciembre de 2025<br>\u2022 Sede: Estadio Sierra Nevada, Santa Marta, Magdalena<br>\u2022 Capacidad total: 16,126 espectadores<br>\u2022 Organiza: UNESCO FEDERACI\u00d3N DE LOS ESTADOS UNIDOS DE AM\u00c9RICA<br>\u2022 Colabora: Fundaci\u00f3n Falcao<br>\u2022 Director deportivo: Radamel Falcao Garc\u00eda<\/p>\n\n\n\n<p>Modalidad de Acceso<br>Compra del libro \u201cPiel y Huesos &#8211; Desnutrici\u00f3n Infantil Cada Diez Segundos\u201d de la Dra. Mar\u00eda Fernanda Mazo, Ministra de Salud y Nutrici\u00f3n de UNESCO WFUCA.<\/p>\n\n\n\n<p>DISTRIBUCI\u00d3N DE CAPACIDAD POR ZONAS<br>Distribuci\u00f3n Proporcional del Estadio Sierra Nevada (16,126 espectadores)<br>\ufffc<\/p>\n\n\n\n<p>PROYECCI\u00d3N DE INGRESOS POR BOLETER\u00cdA<br>C\u00e1lculo por Zonas (Usando precio promedio)<br>Sur (Hinchada Local)<br>\u2022 Capacidad: 4,500 espectadores<br>\u2022 Precio: $160,000 COP<br>\u2022 Ingresos: $720,000,000 COP<\/p>\n\n\n\n<p>Oriental Alta (Visitante\/General)<br>\u2022 Capacidad: 3,500 espectadores<br>\u2022 Precio promedio: $210,000 COP<br>\u2022 Ingresos: $735,000,000 COP<\/p>\n\n\n\n<p>Occidental Alta (Nacional)<br>\u2022 Capacidad: 3,000 espectadores<br>\u2022 Precio promedio: $235,000 COP<br>\u2022 Ingresos: $705,000,000 COP<\/p>\n\n\n\n<p>Oriental Baja<br>\u2022 Capacidad: 2,200 espectadores<br>\u2022 Precio promedio: $285,000 COP<br>\u2022 Ingresos: $627,000,000 COP<\/p>\n\n\n\n<p>Occidental Baja (Nacional)<br>\u2022 Capacidad: 1,800 espectadores<br>\u2022 Precio promedio: $335,000 COP<br>\u2022 Ingresos: $603,000,000 COP<\/p>\n\n\n\n<p>Preferencial (Palcos Bajos)<br>\u2022 Capacidad: 1,000 espectadores<br>\u2022 Precio promedio: $435,000 COP<br>\u2022 Ingresos: $435,000,000 COP<\/p>\n\n\n\n<p>Palcos VIP (Corporativos)<br>\u2022 Capacidad: 126 espacios (50 personas por palco promedio)<br>\u2022 Precio promedio por palco: $2,060,000 COP<br>\u2022 Ingresos: $259,560,000 COP<\/p>\n\n\n\n<p>TOTAL INGRESOS POR BOLETER\u00cdA: $4,084,560,000 COP<\/p>\n\n\n\n<p>OTROS INGRESOS PROYECTADOS<br>Patrocinios y Alianzas Estrat\u00e9gicas<br>\u2022 Patrocinador principal: $800,000,000 COP<br>\u2022 Patrocinadores secundarios (5): $1,500,000,000 COP<br>\u2022 Aliados regionales: $400,000,000 COP<br>\u2022 Subtotal patrocinios: $2,700,000,000 COP<\/p>\n\n\n\n<p>Derechos de Transmisi\u00f3n<br>\u2022 Televisi\u00f3n nacional: $600,000,000 COP<br>\u2022 Streaming internacional: $300,000,000 COP<br>\u2022 Redes sociales y digital: $150,000,000 COP<br>\u2022 Subtotal transmisi\u00f3n: $1,050,000,000 COP<\/p>\n\n\n\n<p>Concesiones y Merchandising<br>\u2022 Alimentos y bebidas: $400,000,000 COP<br>\u2022 Merchandising oficial: $250,000,000 COP<br>\u2022 Productos del libro: $200,000,000 COP<br>\u2022 Subtotal concesiones: $850,000,000 COP<\/p>\n\n\n\n<p>Actividades Complementarias<br>\u2022 Exposiciones y stands: $150,000,000 COP<br>\u2022 Actividades VIP: $200,000,000 COP<br>\u2022 Fotograf\u00eda y recuerdos: $100,000,000 COP<br>\u2022 Subtotal actividades: $450,000,000 COP<\/p>\n\n\n\n<p>TOTAL OTROS INGRESOS: $5,050,000,000 COP<\/p>\n\n\n\n<p>INGRESOS TOTALES PROYECTADOS<br>\ufffc<\/p>\n\n\n\n<p>GASTOS OPERACIONALES PROYECTADOS<br>Producci\u00f3n y Artistas<br>\u2022 Carlos Vives (presentaci\u00f3n especial): $800,000,000 COP<br>\u2022 Juanes (concierto ac\u00fastico): $700,000,000 COP<br>\u2022 Maluma (mensaje especial): $300,000,000 COP<br>\u2022 Producci\u00f3n musical y t\u00e9cnica: $500,000,000 COP<br>\u2022 Subtotal artistas: $2,300,000,000 COP<\/p>\n\n\n\n<p>Demostraci\u00f3n EHANG 216<br>\u2022 Alquiler del drone: $400,000,000 COP<br>\u2022 Permisos y seguros: $200,000,000 COP<br>\u2022 Personal t\u00e9cnico especializado: $150,000,000 COP<br>\u2022 Subtotal EHANG: $750,000,000 COP<\/p>\n\n\n\n<p>Partido Amistoso de Estrellas<br>\u2022 Honorarios jugadores invitados: $600,000,000 COP<br>\u2022 Arbitraje profesional: $50,000,000 COP<br>\u2022 Log\u00edstica deportiva: $100,000,000 COP<br>\u2022 Subtotal partido: $750,000,000 COP<\/p>\n\n\n\n<p>Marketing y Comunicaciones<br>\u2022 Campa\u00f1a publicitaria nacional: $400,000,000 COP<br>\u2022 Redes sociales y digital: $200,000,000 COP<br>\u2022 Relaciones p\u00fablicas: $150,000,000 COP<br>\u2022 Material promocional: $100,000,000 COP<br>\u2022 Subtotal marketing: $850,000,000 COP<\/p>\n\n\n\n<p>Log\u00edstica y Operaciones<br>\u2022 Alquiler del estadio: $300,000,000 COP<br>\u2022 Montaje y desmontaje: $250,000,000 COP<br>\u2022 Transporte y hospedaje: $200,000,000 COP<br>\u2022 Catering y servicios: $150,000,000 COP<br>\u2022 Subtotal log\u00edstica: $900,000,000 COP<\/p>\n\n\n\n<p>Seguridad y Permisos<br>\u2022 Seguridad privada: $200,000,000 COP<br>\u2022 Coordinaci\u00f3n con autoridades: $100,000,000 COP<br>\u2022 Permisos y licencias: $80,000,000 COP<br>\u2022 Seguros del evento: $120,000,000 COP<br>\u2022 Subtotal seguridad: $500,000,000 COP<\/p>\n\n\n\n<p>Gastos Administrativos<br>\u2022 Personal del evento: $150,000,000 COP<br>\u2022 Gastos financieros: $100,000,000 COP<br>\u2022 Contingencias (5%): $300,000,000 COP<br>\u2022 Subtotal administrativos: $550,000,000 COP<\/p>\n\n\n\n<p>TOTAL GASTOS OPERACIONALES: $6,600,000,000 COP<\/p>\n\n\n\n<p>AN\u00c1LISIS DE RENTABILIDAD<br>Resumen Financiero<br>\ufffc<br>Destinaci\u00f3n de Utilidades<br>\u2022 20% para Fundaci\u00f3n Falcao (UNESCO WFUCA): $506,912,000 COP<br>\u2022 Reinversi\u00f3n en programas UNESCO: $1,520,736,000 COP<br>\u2022 Fondo de contingencia: $506,912,000 COP<\/p>\n\n\n\n<p>IMPACTO ECON\u00d3MICO REGIONAL<br>Impacto Directo en Santa Marta<br>\u2022 Hospedaje y turismo: $800,000,000 COP<br>\u2022 Restaurantes y servicios: $600,000,000 COP<br>\u2022 Transporte local: $300,000,000 COP<br>\u2022 Comercio local: $400,000,000 COP<br>\u2022 Subtotal impacto directo: $2,100,000,000 COP<\/p>\n\n\n\n<p>Generaci\u00f3n de Empleo<br>\u2022 Empleos directos del evento: 800 personas<br>\u2022 Empleos indirectos (turismo, servicios): 1,500 personas<br>\u2022 Empleos temporales: 1,200 personas<br>\u2022 Total empleos generados: 3,500 empleos<\/p>\n\n\n\n<p>Impacto en el Magdalena<br>\u2022 Promoci\u00f3n tur\u00edstica regional: Invaluable<br>\u2022 Posicionamiento de Santa Marta: Internacional<br>\u2022 Desarrollo de infraestructura: Sostenible<br>\u2022 Fortalecimiento del sector deportivo: Permanente<\/p>\n\n\n\n<p>AN\u00c1LISIS DE VIABILIDAD<br>Fortalezas del Proyecto<br>1. Capacidad adecuada del Estadio Sierra Nevada (16,126)<br>2. Conexi\u00f3n emocional con Falcao y Santa Marta<br>3. Diversificaci\u00f3n de ingresos (m\u00faltiples fuentes)<br>4. Margen de utilidad saludable (27.8%)<br>5. Impacto social significativo (Fundaci\u00f3n Falcao)<\/p>\n\n\n\n<p>Consideraciones Especiales<br>1. Menor capacidad comparado con Medell\u00edn (-28,874 espectadores)<br>2. Ajuste proporcional de ingresos por boleter\u00eda<br>3. Mantenimiento de calidad del evento<br>4. Optimizaci\u00f3n de costos operacionales<br>5. Maximizaci\u00f3n del impacto regional<\/p>\n\n\n\n<p>Recomendaciones Financieras<br>1. Confirmar patrocinios antes del evento<br>2. Asegurar transmisi\u00f3n nacional e internacional<br>3. Optimizar precios seg\u00fan demanda real<br>4. Establecer alianzas con sector tur\u00edstico local<br>5. Crear paquetes VIP especiales para la regi\u00f3n<\/p>\n\n\n\n<p>CONCLUSIONES<br>El cambio de sede al Estadio Sierra Nevada en Santa Marta, con la participaci\u00f3n de la Fundaci\u00f3n Falcao y Radamel Falcao Garc\u00eda como director deportivo, mantiene la viabilidad financiera del evento \u201cF\u00daTBOL: EL SUE\u00d1O M\u00c1S ANHELADO DEL MUNDO\u201d.<\/p>\n\n\n\n<p>Aunque la capacidad es menor, la conexi\u00f3n emocional con la ciudad natal de Falcao y el impacto regional compensan esta diferencia, creando un evento m\u00e1s \u00edntimo pero igualmente significativo para la misi\u00f3n de UNESCO FEDERACI\u00d3N DE LOS ESTADOS UNIDOS DE AM\u00c9RICA.<\/p>\n\n\n\n<p>La utilidad proyectada de $2,534,560,000 COP permite cumplir con los objetivos sociales, destinando $506,912,000 COP a los programas de la Fundaci\u00f3n Falcao bajo la supervisi\u00f3n de UNESCO WFUCA, manteniendo el compromiso del 20% para programas de lucha contra la desnutrici\u00f3n infantil.<\/p>\n\n\n\n<p><\/p>\n","protected":false},"excerpt":{"rendered":"<p>Primer Evento Desnutrici\u00f3n F\u00daTBOL: EL SUE\u00d1O M\u00c1S ANHELADO DEL MUNDOEvento UNESCO FEDERACI\u00d3N DE LOS ESTADOS UNIDOS DE AM\u00c9RICA &#8211; UNESCO WFUCAFecha: 17 al 19 de diciembre de 2025Sede: Estadio Sierra Nevada, Santa Marta, Colombia PRESENTACI\u00d3N DEL EVENTOUNESCO FEDERACI\u00d3N DE LOS ESTADOS UNIDOS DE AM\u00c9RICA &#8211; UNESCO WFUCA se complace en anunciar el lanzamiento de la [&hellip;]<\/p>\n","protected":false},"author":1,"featured_media":0,"comment_status":"open","ping_status":"open","sticky":false,"template":"","format":"standard","meta":{"footnotes":""},"categories":[1],"tags":[],"class_list":["post-366","post","type-post","status-publish","format-standard","hentry","category-uncategorized"],"_links":{"self":[{"href":"https:\/\/jfc.company\/home\/wp-json\/wp\/v2\/posts\/366","targetHints":{"allow":["GET"]}}],"collection":[{"href":"https:\/\/jfc.company\/home\/wp-json\/wp\/v2\/posts"}],"about":[{"href":"https:\/\/jfc.company\/home\/wp-json\/wp\/v2\/types\/post"}],"author":[{"embeddable":true,"href":"https:\/\/jfc.company\/home\/wp-json\/wp\/v2\/users\/1"}],"replies":[{"embeddable":true,"href":"https:\/\/jfc.company\/home\/wp-json\/wp\/v2\/comments?post=366"}],"version-history":[{"count":4,"href":"https:\/\/jfc.company\/home\/wp-json\/wp\/v2\/posts\/366\/revisions"}],"predecessor-version":[{"id":371,"href":"https:\/\/jfc.company\/home\/wp-json\/wp\/v2\/posts\/366\/revisions\/371"}],"wp:attachment":[{"href":"https:\/\/jfc.company\/home\/wp-json\/wp\/v2\/media?parent=366"}],"wp:term":[{"taxonomy":"category","embeddable":true,"href":"https:\/\/jfc.company\/home\/wp-json\/wp\/v2\/categories?post=366"},{"taxonomy":"post_tag","embeddable":true,"href":"https:\/\/jfc.company\/home\/wp-json\/wp\/v2\/tags?post=366"}],"curies":[{"name":"wp","href":"https:\/\/api.w.org\/{rel}","templated":true}]}}