{"id":418,"date":"2025-10-20T13:10:00","date_gmt":"2025-10-20T13:10:00","guid":{"rendered":"https:\/\/jfc.company\/home\/?p=418"},"modified":"2026-02-27T20:15:15","modified_gmt":"2026-02-27T20:15:15","slug":"caracol-jhon-jairo-florez-ospina-noticia-falsa-comunicado-de-prensa","status":"publish","type":"post","link":"https:\/\/jfc.company\/home\/uncategorized\/caracol-jhon-jairo-florez-ospina-noticia-falsa-comunicado-de-prensa\/","title":{"rendered":"Caracol, Jhon Fl\u00f3rez, Noticia Falsa, Comunicado de Prensa"},"content":{"rendered":"\n<hr class=\"wp-block-separator has-alpha-channel-opacity\"\/>\n\n\n\n<p>COMUNICADO OFICIAL Y AN\u00c1LISIS DE CASO<\/p>\n\n\n\n<p>PARA PUBLICACI\u00d3N INMEDIATA<\/p>\n\n\n\n<p>Bogot\u00e1, D. C. \u2013  2025<\/p>\n\n\n\n<hr class=\"wp-block-separator has-alpha-channel-opacity\"\/>\n\n\n\n<p>CUANDO LA PRENSA CONDENA SIN PRUEBAS: C\u00d3MO CARACOL RADIO E INFOBAE CONSTRUYERON UNA DIFAMACI\u00d3N CONTRA UN SOBREVIVIENTE DE SECUESTRO Y LE NEGARON EL DERECHO A TRABAJAR<\/p>\n\n\n\n<p>Por: Jhon Jairo Fl\u00f3rez Ospina<br>Sobreviviente de secuestro \u00b7 Empresario \u00b7 V\u00edctima de difamaci\u00f3n medi\u00e1tica<\/p>\n\n\n\n<hr class=\"wp-block-separator has-alpha-channel-opacity\"\/>\n\n\n\n<p>El 12 de julio de 2014, un grupo de la Polic\u00eda Nacional irrumpi\u00f3 en una bodega al suroriente de Bogot\u00e1. En su interior, un hombre de 37 a\u00f1os yac\u00eda en el suelo, esposado, con una herida de bala que le atraves\u00f3 mi espalda en la 5 vertebra da\u00f1ando todo mi sistema digestivo movilidad y pasando por mi vejiga y sistema Uretral lo que me llevo a estar en hospitales y operaciones especiales durante mas de 5 a\u00f1os para salvar mi vida . Hab\u00eda permanecido secuestrado durante 148 horas, sometido a amenazas de muerte, mientras sus captores exig\u00edan US$800.000 y el traspaso de propiedades a cambio de su vida.<\/p>\n\n\n\n<p>Ese hombre era yo. Jhon Jairo Fl\u00f3rez Ospina.<\/p>\n\n\n\n<p>Fui reducido a la fuerza en la casa de uno de mis secuestradores, esposado, golpeado y trasladado a un lugar de cautiverio. Durante dos d\u00edas cre\u00ed que morir\u00eda. Cuando la Polic\u00eda finalmente me liber\u00f3, lo hizo mientras recib\u00eda disparos. Una de esas balas me alcanz\u00f3. De no ser por la r\u00e1pida acci\u00f3n de los agentes, que me proporcionaron primeros auxilios en medio del operativo y me trasladaron de urgencia a un centro m\u00e9dico, no estar\u00eda hoy escribiendo estas palabras.<\/p>\n\n\n\n<p>Sobreviv\u00ed. Reconstru\u00ed mi vida. Continue mi empresa que hab\u00eda creado desde 1990, JF Capital SAS, con esfuerzo, trabajo honesto y transparencia. Contrat\u00e9 empleados, gener\u00e9 relaciones comerciales, constru\u00ed una reputaci\u00f3n.<\/p>\n\n\n\n<p>Doce a\u00f1os despu\u00e9s, en cuesti\u00f3n de horas, Caracol Radio y Infobae hicieron lo que ni siquiera mis secuestradores lograron: intentar destruirme por completo. Y lo hicieron no con armas, sino con palabras. Con mentiras. Con irresponsabilidad. Con una indiferencia absoluta hacia el ser humano detr\u00e1s de la noticia.<\/p>\n\n\n\n<p>Este es el relato de c\u00f3mo dos medios de comunicaci\u00f3n, sus periodistas y sus editores, se convirtieron en mis nuevos victimarios. Es una denuncia formal ante la Fiscal\u00eda General de la Naci\u00f3n y un llamado a la conciencia de una sociedad que permite que el periodismo, cuando abdica de su \u00e9tica, se convierta en un instrumento de destrucci\u00f3n.<\/p>\n\n\n\n<hr class=\"wp-block-separator has-alpha-channel-opacity\"\/>\n\n\n\n<p>PRIMERA PARTE: EL ORIGEN DE LA MENTIRA \u2013 CARACOL RADIO Y MARIA FERNANDA LATORRE<\/p>\n\n\n\n<p>La afirmaci\u00f3n que nunca debi\u00f3 emitirse<\/p>\n\n\n\n<p>El 16 de junio de 2024, siendo las 22:45 horas, en el informativo de la cadena nacional Caracol Radio y simult\u00e1neamente en su plataforma digital, la periodista Maria Fernanda Latorre H. lanz\u00f3 al aire una afirmaci\u00f3n devastadora:<\/p>\n\n\n\n<p>Que el suscrito, Jhon Jairo Fl\u00f3rez Ospina, &#8220;se encuentra denunciado por estafa&#8221;.<\/p>\n\n\n\n<p>No era una pregunta. No era un &#8220;se investiga&#8221;. Era una sentencia, emitida desde la tribuna de uno de los medios m\u00e1s influyentes del pa\u00eds, sin matices, sin contexto y, como demostrar\u00e9, sin un \u00e1pice de verdad.<\/p>\n\n\n\n<p>La pregunta que cualquier periodista con un m\u00ednimo de rigor \u00e9tico debe hacerse antes de emitir una acusaci\u00f3n de esta naturaleza es simple: &#8220;\u00bfEsto es cierto?&#8221;.<\/p>\n\n\n\n<p>La se\u00f1ora Latorre y su equipo en Caracol Radio omitieron responderla. Porque si hubieran hecho el m\u00e1s m\u00ednimo esfuerzo de verificaci\u00f3n \u2014una consulta en las bases de datos de la Fiscal\u00eda, una llamada a mi apoderado, una revisi\u00f3n de los registros judiciales\u2014 habr\u00edan descubierto la verdad irrefutable:<\/p>\n\n\n\n<p>No existe, ni ha existido jam\u00e1s, denuncia penal o civil alguna en mi contra en Colombia ni en ninguna parte del mundo.<\/p>\n\n\n\n<p>Mi hoja de vida est\u00e1 limpia. Mis antecedentes son intachables. Nunca he sido investigado, procesado ni condenado por delito alguno.<\/p>\n\n\n\n<p>Pero esa verdad no les interes\u00f3. Lo que les interes\u00f3 fue la noticia f\u00e1cil, el titular impactante, el clic inmediato. Y yo me convert\u00ed en el da\u00f1o colateral de su negligencia.<\/p>\n\n\n\n<p>La &#8220;prueba&#8221; fabricada: c\u00f3mo utilizaron mi secuestro para validar su mentira<\/p>\n\n\n\n<p>Meses despu\u00e9s, al intentar comprender el origen de esta campa\u00f1a de desinformaci\u00f3n, hice un descubrimiento escalofriante. En foros, redes sociales y conversaciones, personas malintencionadas \u2014o tal vez los mismos responsables de la noticia falsa\u2014 comenzaron a hacer circular un documento oficial: el Auto TP-SA 104 de 2019 de la Jurisdicci\u00f3n Especial para la Paz (JEP) .<\/p>\n\n\n\n<p>El c\u00e1lculo era perverso: &#8220;Su nombre aparece en un documento judicial. Eso es suficiente. La gente no leer\u00e1 m\u00e1s all\u00e1&#8221;.<\/p>\n\n\n\n<p>Pero el documento, que puede consultarse \u00edntegramente en este enlace oficial, cuenta una historia radicalmente opuesta a la que se quer\u00eda insinuar. Transcribo el fragmento clave, para que no quede sombra de duda:<\/p>\n\n\n\n<hr class=\"wp-block-separator has-alpha-channel-opacity\"\/>\n\n\n\n<p>Texto del Auto TP-SA 104 de 2019 de la JEP:<\/p>\n\n\n\n<p>&#8220;Los se\u00f1ores CARLOS ANDR\u00c9S CERTUCHE VICTORIA y JHON JAIRO FL\u00d3REZ OSPINA, en compa\u00f1\u00eda de MARX BORRA\u00c9Z VIVAS, el 10 de julio de 2014, departieron en un restaurante al norte de la ciudad, sitio desde el cual se desplazaron hasta la residencia de BORRA\u00c9Z VIVAS, por invitaci\u00f3n de \u00e9ste, so pretexto de presentarles una persona de negocios.<\/p>\n\n\n\n<p>En la casa de habitaci\u00f3n de BORRA\u00c9Z VIVAS\u2026 cuando FL\u00d3REZ OSPINA se desplaz\u00f3 hacia el ba\u00f1o, fue reducido por un sujeto corpulento, quien lo espos\u00f3 e intimid\u00f3 por supuestas deudas, mientras aqu\u00e9l pudo observar a MARX BORRA\u00c9Z, junto con otra persona, portando armas de fuego.<\/p>\n\n\n\n<p>Enseguida, el se\u00f1or FL\u00d3REZ OSPINA fue trasladado en el veh\u00edculo de BORRA\u00c9Z VIVAS hasta otro sector de la ciudad\u2026, donde permaneci\u00f3 en cautiverio, retenido contra su voluntad, siendo intimidado con armas de fuego y amenazas de muerte.<\/p>\n\n\n\n<p>Durante el plagio, al se\u00f1or JHON JAIRO FL\u00d3REZ le exigieron por la liberaci\u00f3n el traspaso de unos inmuebles en La Tebaida y Puerto Velero, sumado a la exigencia dineraria de US$800.000; as\u00ed mismo, fue despojado de $16.900.000 que aquella noche llevaba consigo.<\/p>\n\n\n\n<p>El 12 de julio de 2014, debido a la oportuna reacci\u00f3n de la Polic\u00eda Nacional, producto de las voces de auxilio de la ciudadan\u00eda, se produjo la liberaci\u00f3n de \u00e9ste en la bodega ubicada en la calle 22 No. 19 A 12 de esta ciudad.<\/p>\n\n\n\n<p>En el procedimiento policial, se incaut\u00f3 una pistola 9 mm\u2026 sin que se contara con el respectivo permiso\u2026&#8221;<\/p>\n\n\n\n<hr class=\"wp-block-separator has-alpha-channel-opacity\"\/>\n\n\n\n<p>La verdad que el documento revela:<\/p>\n\n\n\n<ol class=\"wp-block-list\">\n<li>Yo soy la V\u00cdCTIMA. Mi nombre aparece en el relato de los hechos porque fui quien padeci\u00f3 el secuestro, las amenazas, la retenci\u00f3n ilegal y el despojo.<\/li>\n\n\n\n<li>Mis secuestradores fueron condenados. Marx Borra\u00e9z Vivas y Carlos Andr\u00e9s Certuche Victoria purgan una condena de 54 a\u00f1os y 11 meses de prisi\u00f3n por los delitos cometidos en mi contra.<\/li>\n\n\n\n<li>El operativo de rescate fue un acto heroico de la Polic\u00eda. Fui liberado gracias a su intervenci\u00f3n, no sin antes resultar herido. Una bala disparada durante el operativo me alcanz\u00f3. Fueron los mismos polic\u00edas quienes me brindaron los primeros auxilios en el lugar y me trasladaron de urgencia a un centro asistencial. Sin su r\u00e1pida acci\u00f3n, no estar\u00eda hoy aqu\u00ed.<\/li>\n<\/ol>\n\n\n\n<p>\u00bfQu\u00e9 hizo Caracol Radio con esta informaci\u00f3n?<\/p>\n\n\n\n<p>La tergivers\u00f3. La utiliz\u00f3 como &#8220;prueba&#8221; impl\u00edcita de que soy una persona de &#8220;dudosa reputaci\u00f3n&#8221; por aparecer en un expediente judicial, cuando en realidad ese expediente es la constancia de que fui v\u00edctima de uno de los delitos m\u00e1s atroces que contempla la ley.<\/p>\n\n\n\n<p>No hay error period\u00edstico que excuse esto. No hay &#8220;fuente confiable&#8221; que justifique esta manipulaci\u00f3n. Lo que hay es dolo, mala fe y una intenci\u00f3n deliberada de causar da\u00f1o.<\/p>\n\n\n\n<hr class=\"wp-block-separator has-alpha-channel-opacity\"\/>\n\n\n\n<p>SEGUNDA PARTE: LA AMPLIFICACI\u00d3N DEL DA\u00d1O \u2013 INFOBAE Y SU PERIODISTA<\/p>\n\n\n\n<p>Si Caracol Radio encendi\u00f3 la mecha, el portal digital Infobae a\u00f1adi\u00f3 dinamita. Y lo hizo al d\u00eda siguiente.<\/p>\n\n\n\n<p>El 15 de junio de 2024, un d\u00eda antes de la emisi\u00f3n de Caracol, Infobae public\u00f3 un art\u00edculo titulado:<\/p>\n\n\n\n<p>&#8220;Presunto estafador antioque\u00f1o habr\u00eda participado de feria de la Fuerza A\u00e9rea Colombiana: esto respondi\u00f3 la instituci\u00f3n&#8221;<\/p>\n\n\n\n<p>El texto, firmado por la redacci\u00f3n del medio, no se limit\u00f3 a replicar acr\u00edticamente la mentira de Caracol. Fue m\u00e1s all\u00e1. Construy\u00f3 nuevas falsedades y utiliz\u00f3 t\u00e9cnicas de difamaci\u00f3n por asociaci\u00f3n que revelan una intencionalidad dif\u00edcil de calificar como mero error.<\/p>\n\n\n\n<p>Las nuevas falsedades creadas por Infobae<\/p>\n\n\n\n<p>Primera falsedad: La deuda de $10 mil millones<\/p>\n\n\n\n<p>El art\u00edculo de Infobae afirma textualmente:<\/p>\n\n\n\n<p>&#8220;Diego Restrepo Villegas, due\u00f1o del lote para la operaci\u00f3n del dron, afirm\u00f3 que Fl\u00f3rez le adeuda m\u00e1s de $10 mil millones.&#8221;<\/p>\n\n\n\n<p>Esta afirmaci\u00f3n es completamente falsa. No existe prueba alguna de esa deuda. No hay contrato, no hay pagar\u00e9, no hay reconocimiento de deuda, no hay demanda civil, no hay sentencia judicial. Es una acusaci\u00f3n econ\u00f3mica de una magnitud astron\u00f3mica \u2014suficiente para arruinar la credibilidad de cualquier empresario\u2014 lanzada al ruedo p\u00fablico sin un solo soporte.<\/p>\n\n\n\n<p>\u00bfD\u00f3nde est\u00e1 la verificaci\u00f3n? \u00bfD\u00f3nde est\u00e1 el documento? \u00bfD\u00f3nde est\u00e1 la otra versi\u00f3n? En el periodismo serio, una acusaci\u00f3n de apropiaci\u00f3n de $10 mil millones no se publica bas\u00e1ndose en la declaraci\u00f3n de una sola parte sin pruebas. Pero Infobae lo hizo. Y con ello, me infligi\u00f3 un da\u00f1o patrimonial y moral incalculable.<\/p>\n\n\n\n<p>Segunda falsedad: La asociaci\u00f3n maliciosa con un caso de abuso sexual<\/p>\n\n\n\n<p>Pero lo m\u00e1s grave viene despu\u00e9s. En el mismo art\u00edculo, y sin conexi\u00f3n tem\u00e1tica alguna, Infobae incluye un extenso p\u00e1rrafo sobre un tal Michael Camilo Precht Andreasen, a quien describen como un hombre con &#8220;un amplio historial delictivo de abuso sexual y estafa en m\u00e1s de 10 pa\u00edses&#8221;.<\/p>\n\n\n\n<p>La t\u00e9cnica es conocida en los manuales de desinformaci\u00f3n: se llama difamaci\u00f3n por asociaci\u00f3n. Se coloca el nombre de la v\u00edctima en las cercan\u00edas de un delincuente confeso, para que el lector, de manera subliminal, establezca un v\u00ednculo. &#8220;Si hablan de uno y luego del otro, algo tendr\u00e1n que ver&#8221;.<\/p>\n\n\n\n<p>No hay acusaci\u00f3n directa, porque eso ser\u00eda demandable. Hay algo peor: la insinuaci\u00f3n, la mancha difusa, la sospecha sembrada. Y el da\u00f1o es el mismo.<\/p>\n\n\n\n<p>\u00bfQui\u00e9n es la periodista responsable de este art\u00edculo?<\/p>\n\n\n\n<p>Infobae no individualiza la firma, pero la responsabilidad es del medio y de los editores y periodistas que participaron en su creaci\u00f3n, revisi\u00f3n y publicaci\u00f3n. Ellos saben qui\u00e9nes son. Y la Fiscal\u00eda tiene la obligaci\u00f3n de identificarlos y vincularlos a la investigaci\u00f3n.<\/p>\n\n\n\n<p>Lo que hizo Infobae no es periodismo. Es participaci\u00f3n activa en una campa\u00f1a de difamaci\u00f3n, con agravantes: inventaron una deuda millonaria y me asociaron con un caso de abuso sexual. Todo ello basado en una mentira original de Caracol Radio.<\/p>\n\n\n\n<hr class=\"wp-block-separator has-alpha-channel-opacity\"\/>\n\n\n\n<p>TERCERA PARTE: EL IMPACTO \u2013 C\u00d3MO LA DIFAMACI\u00d3N DESTRUYE UNA VIDA<\/p>\n\n\n\n<p>Se\u00f1ores de Caracol Radio, se\u00f1ora Maria Fernanda Latorre, se\u00f1ores de Infobae, periodistas y editores responsables:<\/p>\n\n\n\n<p>Cuando ustedes publicaron esas mentiras, no atacaron solo mi nombre. Atacaron todo lo que he construido en m\u00e1s de dos d\u00e9cadas de trabajo.<\/p>\n\n\n\n<p>El da\u00f1o personal<\/p>\n\n\n\n<p>He tenido que explicar a mis hijos, a mi familia, a mis amigos m\u00e1s cercanos, que una mentira repetida en la radio y en internet no se convierte en verdad. He tenido que revivir, una y otra vez, el trauma de mi secuestro para desmentir infamias. He tenido que ver c\u00f3mo personas que me conoc\u00edan me miran con sospecha, con duda, con el &#8220;\u00bfy si ser\u00e1 cierto?&#8221; que deja una mancha imborrable.<\/p>\n\n\n\n<p>El da\u00f1o econ\u00f3mico y profesional<\/p>\n\n\n\n<p>Pero el da\u00f1o no es solo personal. Es econ\u00f3mico. Es profesional. Es existencial.<\/p>\n\n\n\n<p>\u00b7 Clientes y socios que han puesto en pausa sus relaciones comerciales con JF Capital SAS, esperando &#8220;a ver c\u00f3mo se aclara esto&#8221;.<br>\u00b7 Inversionistas que han retirado su confianza (y su capital) ante la duda sembrada.<br>\u00b7 Proveedores que exigen condiciones m\u00e1s gravosas porque &#8220;hay rumores&#8221;.<br>\u00b7 Contratos que se han ca\u00eddo porque la contraparte no quiere verse asociada con alguien &#8220;que sale en las noticias&#8221;.<\/p>\n\n\n\n<p>Me han negado el derecho a trabajar. Me han cerrado puertas que me cost\u00f3 a\u00f1os abrir. Me han estigmatizado en mi gremio, en mi sector, en mi pa\u00eds.<\/p>\n\n\n\n<p>El derecho al trabajo (Art. 25 Constituci\u00f3n), el derecho al libre desarrollo de la personalidad (Art. 16), el derecho a ejercer el comercio (Art. 333), todos ellos han sido vulnerados por la irresponsabilidad de dos medios de comunicaci\u00f3n que actuaron como juez y jurado, sin pruebas, sin proceso, sin apelaci\u00f3n.<\/p>\n\n\n\n<hr class=\"wp-block-separator has-alpha-channel-opacity\"\/>\n\n\n\n<p>CUARTA PARTE: LO QUE EXIJO A LA FISCAL\u00cdA \u2013 INVESTIGACI\u00d3N COMPLETA Y SIN OMISIONES<\/p>\n\n\n\n<p>Con base en los hechos aqu\u00ed narrados y en las pruebas documentales que adjunto, solicito respetuosa pero en\u00e9rgicamente a la Fiscal\u00eda General de la Naci\u00f3n, en el marco de la investigaci\u00f3n con NUNC 110016000049202578561, lo siguiente:<\/p>\n\n\n\n<ol class=\"wp-block-list\">\n<li>Investigar el dolo (las malas intenciones) en Caracol Radio y Maria Fernanda Latorre<\/li>\n<\/ol>\n\n\n\n<p>Que se determine si la periodista y el medio actuaron con la intenci\u00f3n deliberada de da\u00f1ar mi reputaci\u00f3n, a sabiendas de que la informaci\u00f3n era falsa, o con una temeraria despreocupaci\u00f3n por averiguar la verdad. La utilizaci\u00f3n del Auto de la JEP \u2014que me acredita como v\u00edctima\u2014 para dar apariencia de veracidad a la calumnia, revela una malicia que no puede ser ignorada.<\/p>\n\n\n\n<ol start=\"2\" class=\"wp-block-list\">\n<li>Investigar a Infobae y a su periodista o editores responsables<\/li>\n<\/ol>\n\n\n\n<p>Que se vincule formalmente a la investigaci\u00f3n al portal Infobae y al periodista, editores o responsables del art\u00edculo publicado el 15 de junio de 2024. Que se investigue:<\/p>\n\n\n\n<p>\u00b7 La publicaci\u00f3n de la falsa deuda de $10 mil millones, por constituir una calumnia agravada y una violaci\u00f3n a mi buen nombre.<br>\u00b7 La difamaci\u00f3n por asociaci\u00f3n con el caso de Michael Camilo Precht Andreasen, por ser una t\u00e1ctica maliciosa para da\u00f1ar mi reputaci\u00f3n sin pruebas directas.<br>\u00b7 La replicaci\u00f3n acr\u00edtica de la mentira original de Caracol Radio, que los convierte en responsables solidarios de todo el da\u00f1o causado.<\/p>\n\n\n\n<ol start=\"3\" class=\"wp-block-list\">\n<li>Investigar a los responsables intelectuales<\/li>\n<\/ol>\n\n\n\n<p>Que se determine si detr\u00e1s de esta campa\u00f1a de difamaci\u00f3n existen terceras personas o intereses ocultos que se beneficien del da\u00f1o a mi buen nombre y al de JF Capital SAS. La pregunta es: \u00bfQui\u00e9n se beneficia de destruirme? \u00bfCompetidores desleales? \u00bfPersonas con rencillas personales? \u00bfAlguien que proporcion\u00f3 la informaci\u00f3n tergiversada a los medios?<\/p>\n\n\n\n<ol start=\"4\" class=\"wp-block-list\">\n<li>Investigar la violaci\u00f3n de mis derechos humanos<\/li>\n<\/ol>\n\n\n\n<p>Que se tenga en cuenta que esta no es una disputa entre particulares. La difamaci\u00f3n masiva constituye una violaci\u00f3n a mis derechos fundamentales:<\/p>\n\n\n\n<p>\u00b7 Derecho al buen nombre (Art. 15 C.P.)<br>\u00b7 Derecho a la honra (Art. 11 C.P., Art. 11 CADH)<br>\u00b7 Derecho a la presunci\u00f3n de inocencia (Art. 29 C.P.)<br>\u00b7 Derecho a la intimidad (Art. 15 C.P.)<br>\u00b7 Derecho al trabajo (Art. 25 C.P.)<br>\u00b7 Derecho al libre desarrollo de la personalidad (Art. 16 C.P.)<br>\u00b7 Derecho a no ser victimizado nuevamente (re-victimizaci\u00f3n)<\/p>\n\n\n\n<p>Soy sobreviviente de un secuestro. Utilizar ese hecho para difamarme constituye una doble victimizaci\u00f3n que el Estado tiene la obligaci\u00f3n de prevenir y sancionar.<\/p>\n\n\n\n<ol start=\"5\" class=\"wp-block-list\">\n<li>Investigar a todos los medios que replicaron la difamaci\u00f3n<\/li>\n<\/ol>\n\n\n\n<p>Que se identifique y vincule a la investigaci\u00f3n a todos los medios de comunicaci\u00f3n, portales digitales, influencers o cuentas en redes sociales que hayan replicado la informaci\u00f3n falsa. La cadena de la difamaci\u00f3n debe ser investigada en su totalidad.<\/p>\n\n\n\n<hr class=\"wp-block-separator has-alpha-channel-opacity\"\/>\n\n\n\n<p>QUINTA PARTE: LO QUE EXIJO A LOS MEDIOS \u2013 RECTIFICACI\u00d3N, ELIMINACI\u00d3N Y DISCULPA<\/p>\n\n\n\n<p>A Caracol Radio y Maria Fernanda Latorre<\/p>\n\n\n\n<ol class=\"wp-block-list\">\n<li>Rectificaci\u00f3n inmediata: En el mismo espacio radial y con la misma duraci\u00f3n donde se difundi\u00f3 la noticia falsa, y en un lugar tan visible como el original en su portal web, deben emitir un comunicado que diga claramente: &#8220;La informaci\u00f3n publicada sobre una supuesta denuncia por estafa contra Jhon Jairo Fl\u00f3rez Ospina es falsa. El se\u00f1or Fl\u00f3rez Ospina no tiene ni ha tenido denuncias penales ni civiles.&#8221;<\/li>\n\n\n\n<li>Eliminaci\u00f3n total: Retiro inmediato de la noticia original y de todas sus r\u00e9plicas de todas sus plataformas digitales, incluyendo archivos y redes sociales.<\/li>\n\n\n\n<li>Disculpa p\u00fablica: Una disculpa p\u00fablica por el da\u00f1o causado y por la utilizaci\u00f3n maliciosa de mi condici\u00f3n de v\u00edctima de secuestro para sostener una mentira.<\/li>\n\n\n\n<li>Investigaci\u00f3n interna: Publicaci\u00f3n de los resultados de una investigaci\u00f3n interna que determine c\u00f3mo se origin\u00f3 y difundi\u00f3 esta informaci\u00f3n falsa, y qui\u00e9nes fueron los responsables en su medio.<\/li>\n<\/ol>\n\n\n\n<p>A Infobae y a su periodista responsable<\/p>\n\n\n\n<ol class=\"wp-block-list\">\n<li>Rectificaci\u00f3n espec\u00edfica: Un nuevo art\u00edculo, en la misma posici\u00f3n y con la misma relevancia que el original, que desmienta punto por punto las falsedades:<br>\u00b7 Que es FALSO que exista denuncia alguna por estafa en mi contra.<br>\u00b7 Que es FALSO que adeude $10 mil millones al se\u00f1or Diego Restrepo Villegas o a persona alguna.<br>\u00b7 Que la inclusi\u00f3n del caso de Michael Camilo Precht Andreasen fue una asociaci\u00f3n maliciosa e injustificada que no tiene relaci\u00f3n conmigo.<\/li>\n\n\n\n<li>Eliminaci\u00f3n total: Retiro inmediato del art\u00edculo difamatorio de su portal.<\/li>\n\n\n\n<li>Disculpa p\u00fablica: Una disculpa p\u00fablica por el da\u00f1o causado y por las t\u00e9cnicas de desinformaci\u00f3n utilizadas.<\/li>\n<\/ol>\n\n\n\n<p>A todos los medios que replicaron<\/p>\n\n\n\n<p>Los conmino a rectificar. La verdad tiene ese poder: tarde o temprano se impone. No sean c\u00f3mplices de la mentira por acci\u00f3n u omisi\u00f3n.<\/p>\n\n\n\n<hr class=\"wp-block-separator has-alpha-channel-opacity\"\/>\n\n\n\n<p>SEXTA PARTE: UNA REFLEXI\u00d3N SOBRE EL PERIODISMO Y SU PODER DE DESTRUIR<\/p>\n\n\n\n<p>Lo que ha ocurrido conmigo no es un caso aislado. Es el s\u00edntoma de una enfermedad que corroe ciertos sectores del periodismo: la primac\u00eda del clic sobre la verdad, de la inmediatez sobre la verificaci\u00f3n, del titular impactante sobre el ser humano.<\/p>\n\n\n\n<p>Un medio responsable verifica. Un medio \u00e9tico contrasta. Un medio serio entiende que una acusaci\u00f3n de estafa o una deuda millonaria no es un chisme de caf\u00e9, sino un proyectil que puede destruir la vida de una persona, su familia, su empresa y sus relaciones sociales.<\/p>\n\n\n\n<p>Cuando un periodista falla, no falla solo \u00e9l. Falla con su audiencia, que merece informaci\u00f3n veraz. Falla con su gremio, al que desprestigia. Y falla, sobre todo, con la persona a la que convierte en noticia sin su consentimiento y sin pruebas.<\/p>\n\n\n\n<p>En mi caso, fallaron dos veces.<\/p>\n\n\n\n<p>Caracol Radio fall\u00f3 al emitir una calumnia sin verificar.<br>Infobae fall\u00f3 al amplificarla y al a\u00f1adirle nuevas falsedades.<\/p>\n\n\n\n<p>Y detr\u00e1s de esos fallos, hay nombres y apellidos. Personas que decidieron, en sus mesas de redacci\u00f3n, que mi reputaci\u00f3n era un precio aceptable a cambio de una noticia.<\/p>\n\n\n\n<p>La se\u00f1ora Maria Fernanda Latorre y sus editores en Caracol Radio.<br>El periodista o los editores de Infobae que concibieron, escribieron y publicaron el art\u00edculo del 15 de junio de 2024.<\/p>\n\n\n\n<p>Ellos saben qui\u00e9nes son. Yo no busco venganza. Busco justicia. Busco que se reconozca el da\u00f1o. Busco que se siente un precedente: la prensa no puede destruir impunemente la vida de las personas.<\/p>\n\n\n\n<hr class=\"wp-block-separator has-alpha-channel-opacity\"\/>\n\n\n\n<p>DECLARACI\u00d3N FINAL BAJO JURAMENTO<\/p>\n\n\n\n<p>Para que no quede duda alguna en la opini\u00f3n p\u00fablica ni en la Fiscal\u00eda, declaro bajo la gravedad de juramento:<\/p>\n\n\n\n<hr class=\"wp-block-separator has-alpha-channel-opacity\"\/>\n\n\n\n<ol class=\"wp-block-list\">\n<li>NUNCA he tenido denuncias penales en Colombia ni en el exterior.<\/li>\n\n\n\n<li>NUNCA he tenido procesos civiles en mi contra.<\/li>\n\n\n\n<li>ES FALSO que deba $10 mil millones al se\u00f1or Diego Restrepo Villegas o a persona alguna.<\/li>\n\n\n\n<li>MI HOJA DE VIDA est\u00e1 limpia y mi trayectoria profesional es intachable.<\/li>\n\n\n\n<li>FUI V\u00cdCTIMA de un secuestro extorsivo en 2014. Fui liberado por la Polic\u00eda Nacional en un operativo en el que result\u00e9 herido de bala, y de no ser por los primeros auxilios que me brindaron los agentes en el lugar, no estar\u00eda hoy con vida.<\/li>\n\n\n\n<li>MIS SECUESTRADORES fueron condenados a 54 a\u00f1os y 11 meses de prisi\u00f3n.<\/li>\n\n\n\n<li>LA \u00daNICA VEZ que mi nombre aparece en un proceso judicial es como V\u00cdCTIMA, en el Auto TP-SA 104 de 2019 de la JEP.<\/li>\n\n\n\n<li>CARACOL RADIO y MARIA FERNANDA LATORRE difundieron una calumnia sobre una denuncia por estafa que es TOTALMENTE FALSA.<\/li>\n\n\n\n<li>INFOBAE y su periodista amplificaron esa mentira, inventaron una deuda de $10 mil millones y me asociaron maliciosamente con un caso de abuso sexual.<\/li>\n\n\n\n<li>TODO ESTO me ha causado un da\u00f1o irreparable en mi honor, mi reputaci\u00f3n, mi salud mental, mis relaciones familiares, mis relaciones comerciales y mi derecho a trabajar.<\/li>\n<\/ol>\n\n\n\n<hr class=\"wp-block-separator has-alpha-channel-opacity\"\/>\n\n\n\n<p>Atentamente,<\/p>\n\n\n\n<p>Jhon Jairo Fl\u00f3rez Ospina<br>C.C. 98.535.679<br>Presidente de JF Capital SAS<br>Sobreviviente de secuestro (2014) \u2013 herido de bala en el rescate<br>V\u00edctima de difamaci\u00f3n por Caracol Radio e Infobae (2024-2026)<\/p>\n\n\n\n<hr class=\"wp-block-separator has-alpha-channel-opacity\"\/>\n\n\n\n<p>ANEXOS \u2013 DOCUMENTOS Y ENLACES DE SOPORTE<\/p>\n\n\n\n<h1 class=\"wp-block-heading\">Documento Enlace \/ Referencia<\/h1>\n\n\n\n<p>1 Denuncia ante Fiscal\u00eda NUNC 110016000049202578561<br>2 Auto TP-SA 104 de 2019 (JEP) \u2013 Prueba de mi condici\u00f3n de v\u00edctima Ver documento en vLex<br>3 Art\u00edculo difamatorio de Infobae (15\/06\/2024) Ver art\u00edculo original<br>4 Querella por calumnia contra Caracol Radio Radicada el 14\/10\/2025<\/p>\n\n\n\n<hr class=\"wp-block-separator has-alpha-channel-opacity\"\/>\n\n\n\n<p>CONTACTO OFICIAL<\/p>\n\n\n\n<p>\u00b7 Correo electr\u00f3nico: info@jhonflorez.com<br>\u00b7 Tel\u00e9fono: 3108357467<br>\u00b7 Sitio web personal: www.jhonflorez.com<br>\u00b7 LinkedIn: linkedin.com\/in\/jhonjairoflorez<br>\u00b7 X (Twitter): @jhonflorez<\/p>\n\n\n\n<hr class=\"wp-block-separator has-alpha-channel-opacity\"\/>\n\n\n\n<p>Este comunicado se publica en ejercicio del derecho a la rectificaci\u00f3n y la libertad de expresi\u00f3n, con base en los hechos y documentos que obran en el expediente NUNC 110016000049202578561 de la Fiscal\u00eda General de la Naci\u00f3n. La informaci\u00f3n aqu\u00ed contenida ha sido declarada bajo la gravedad de juramento, asumiendo la responsabilidad penal por falsa denuncia (Art\u00edculos 67, 68, 69 del C.P.P. y 435\u2013436 C.P.).<\/p>\n\n\n\n<p>Se autoriza la reproducci\u00f3n total o parcial de este documento siempre que se cite la fuente y se respete su integridad.<\/p>\n\n\n\n<p class=\"has-large-font-size\">Recupere Mi Salud &#8211; Pero Gracias a la irresponsabilidad period\u00edstica de estos medios al dic de hoy no logro recuperar mi buen nombre y el estado no ha hecho nada por Mi caso as\u00ed como se que Muchos pasan por lo mismos.<\/p>\n\n\n\n<hr class=\"wp-block-separator has-alpha-channel-opacity\"\/>\n","protected":false},"excerpt":{"rendered":"<p>Caracol, Jhon Jairo Florez Ospina, Noticia Falsa, Mar\u00eda Fernanda La Torre,<\/p>\n","protected":false},"author":1,"featured_media":0,"comment_status":"closed","ping_status":"open","sticky":false,"template":"","format":"standard","meta":{"footnotes":""},"categories":[1],"tags":[12,16,13,15,14],"class_list":["post-418","post","type-post","status-publish","format-standard","hentry","category-uncategorized","tag-caracol","tag-comunicado-ampliado","tag-jhon-jairo-florez-ospina","tag-nota-de-prensa","tag-noticias-falsas"],"_links":{"self":[{"href":"https:\/\/jfc.company\/home\/wp-json\/wp\/v2\/posts\/418","targetHints":{"allow":["GET"]}}],"collection":[{"href":"https:\/\/jfc.company\/home\/wp-json\/wp\/v2\/posts"}],"about":[{"href":"https:\/\/jfc.company\/home\/wp-json\/wp\/v2\/types\/post"}],"author":[{"embeddable":true,"href":"https:\/\/jfc.company\/home\/wp-json\/wp\/v2\/users\/1"}],"replies":[{"embeddable":true,"href":"https:\/\/jfc.company\/home\/wp-json\/wp\/v2\/comments?post=418"}],"version-history":[{"count":7,"href":"https:\/\/jfc.company\/home\/wp-json\/wp\/v2\/posts\/418\/revisions"}],"predecessor-version":[{"id":426,"href":"https:\/\/jfc.company\/home\/wp-json\/wp\/v2\/posts\/418\/revisions\/426"}],"wp:attachment":[{"href":"https:\/\/jfc.company\/home\/wp-json\/wp\/v2\/media?parent=418"}],"wp:term":[{"taxonomy":"category","embeddable":true,"href":"https:\/\/jfc.company\/home\/wp-json\/wp\/v2\/categories?post=418"},{"taxonomy":"post_tag","embeddable":true,"href":"https:\/\/jfc.company\/home\/wp-json\/wp\/v2\/tags?post=418"}],"curies":[{"name":"wp","href":"https:\/\/api.w.org\/{rel}","templated":true}]}}